{"id":1242,"date":"2022-07-30T22:53:01","date_gmt":"2022-07-30T22:53:01","guid":{"rendered":"https:\/\/minutaregional.cl\/?p=1242"},"modified":"2022-07-30T22:53:01","modified_gmt":"2022-07-30T22:53:01","slug":"bienes-nacionales-inicia-ciclo-de-capacitaciones-para-comunidades-agricolas-de-elqui","status":"publish","type":"post","link":"https:\/\/minutaregional.cl\/?p=1242","title":{"rendered":"Bienes Nacionales Inicia Ciclo de Capacitaciones para Comunidades Agr\u00edcolas de Elqui"},"content":{"rendered":"<p style=\"text-align: justify;\"><em>Hasta el mes de diciembre se extender\u00e1n las capacitaciones que se realizaran el \u00faltimo viernes de cada mes.<\/em><\/p>\n<p style=\"text-align: justify;\">Con el objetivo de abordar los principales aspectos de la Ley de Comunidades Agr\u00edcolas, se dio inicio al ciclo de capacitaciones dirigido para comuneros, comuneras y dirigentes, cual es organizado por la Asociaci\u00f3n Gremial de Comunidades Agr\u00edcolas de Elqui y la Seremi de Bienes Nacionales de la regi\u00f3n de Coquimbo.<\/p>\n<p style=\"text-align: justify;\">Esta instancia informativa, que ya tuvo una exitosa experiencia en la provincia del Limar\u00ed, permitir\u00e1 que comunidades agr\u00edcolas de las seis comunas de la provincia conozcan los principales alcances, derechos y obligaciones del Decreto con Fuerza de Ley N\u00ba5, que norma a estas organizaciones.<\/p>\n<p style=\"text-align: justify;\">En ese sentido, el Seremi Marcelo Salazar se\u00f1al\u00f3 que \u201cestamos muy contentos de volver a dar inicio a esta primera jornada de capacitaciones, ha sido muy positiva con una gran participaci\u00f3n de dirigentes y comuneros donde se abordaron diferente tem\u00e1ticas de la Ley de Comunidades Agr\u00edcolas. Agradecemos las gestiones de la Asociaci\u00f3n de Comunidades Agr\u00edcolas de Elqui, para llevar adelante esta iniciativa, que se continuar\u00e1 realizando una vez de aqu\u00ed hasta fin de a\u00f1o\u201d.<\/p>\n<p style=\"text-align: justify;\">Por su parte, la presidenta de la Asociaci\u00f3n de Comunidades Agr\u00edcolas de Elqui Jorge Villalobos, destac\u00f3 el trabajo conjunto con la Seremi de Bienes Nacionales.<\/p>\n<p style=\"text-align: justify;\">\u201cQuiero agradecer al Seremi de Bienes Nacionales por habernos permitido plantearle la necesidad de juntarnos nuevamente las comunidades agr\u00edcolas de la provincia de Elqui, para continuar fortaleciendo la organizaci\u00f3n, los lineamientos de este Gobierno y los temas espec\u00edficos de las comunidades. Hemos llegado a un acuerdo con el Seremi de tener una capacitaci\u00f3n una vez al mes y nuestro objetivo es ampliar la invitaci\u00f3n a otras comunidades que no pudieron llegar, porque a\u00fan se encuentran aisladas, pero la concurrencia fue muy efectiva, con m\u00e1s de 12 comunidades agr\u00edcolas, demostrando la necesidad de juntarse despu\u00e9s de la pandemia\u201d.<\/p>\n<p style=\"text-align: justify;\">El\u00a0 Decreto con Fuerza de Ley\u00a0 N\u00ba5 que regula las Comunidades Agr\u00edcolas, encomienda al Ministerio de Bienes Nacionales, una serie de funciones que apuntan\u00a0 a fortalecer la naturaleza comunitaria de sus derechos y colaborar en la gesti\u00f3n colectiva que tiene\u00a0 relaci\u00f3n con la defensa de sus terrenos y dem\u00e1s bienes comunes.<\/p>\n<p>&nbsp;<\/p>\n<p>&nbsp;<\/p>\n<p>&nbsp;<\/p>\n<p>&nbsp;<\/p>\n<p>&nbsp;<\/p>\n","protected":false},"excerpt":{"rendered":"<p>Hasta el mes de diciembre se extender\u00e1n las capacitaciones que se realizaran el \u00faltimo viernes de cada mes. Con el objetivo de abordar los principales aspectos de la Ley de Comunidades Agr\u00edcolas, se dio inicio al ciclo de capacitaciones dirigido para comuneros, comuneras y dirigentes, cual es organizado por la<\/p>\n","protected":false},"author":1,"featured_media":1243,"comment_status":"closed","ping_status":"open","sticky":false,"template":"","format":"standard","meta":{"footnotes":""},"categories":[48],"tags":[],"class_list":["post-1242","post","type-post","status-publish","format-standard","has-post-thumbnail","hentry","category-seremi-bines-nacionales"],"_links":{"self":[{"href":"https:\/\/minutaregional.cl\/index.php?rest_route=\/wp\/v2\/posts\/1242","targetHints":{"allow":["GET"]}}],"collection":[{"href":"https:\/\/minutaregional.cl\/index.php?rest_route=\/wp\/v2\/posts"}],"about":[{"href":"https:\/\/minutaregional.cl\/index.php?rest_route=\/wp\/v2\/types\/post"}],"author":[{"embeddable":true,"href":"https:\/\/minutaregional.cl\/index.php?rest_route=\/wp\/v2\/users\/1"}],"replies":[{"embeddable":true,"href":"https:\/\/minutaregional.cl\/index.php?rest_route=%2Fwp%2Fv2%2Fcomments&post=1242"}],"version-history":[{"count":1,"href":"https:\/\/minutaregional.cl\/index.php?rest_route=\/wp\/v2\/posts\/1242\/revisions"}],"predecessor-version":[{"id":1244,"href":"https:\/\/minutaregional.cl\/index.php?rest_route=\/wp\/v2\/posts\/1242\/revisions\/1244"}],"wp:featuredmedia":[{"embeddable":true,"href":"https:\/\/minutaregional.cl\/index.php?rest_route=\/wp\/v2\/media\/1243"}],"wp:attachment":[{"href":"https:\/\/minutaregional.cl\/index.php?rest_route=%2Fwp%2Fv2%2Fmedia&parent=1242"}],"wp:term":[{"taxonomy":"category","embeddable":true,"href":"https:\/\/minutaregional.cl\/index.php?rest_route=%2Fwp%2Fv2%2Fcategories&post=1242"},{"taxonomy":"post_tag","embeddable":true,"href":"https:\/\/minutaregional.cl\/index.php?rest_route=%2Fwp%2Fv2%2Ftags&post=1242"}],"curies":[{"name":"wp","href":"https:\/\/api.w.org\/{rel}","templated":true}]}}