{"id":1236,"date":"2022-07-30T22:42:44","date_gmt":"2022-07-30T22:42:44","guid":{"rendered":"https:\/\/minutaregional.cl\/?p=1236"},"modified":"2022-07-30T22:48:36","modified_gmt":"2022-07-30T22:48:36","slug":"1-398-personas-de-la-region-de-coquimbo-viajaran-por-distintos-atractivos-de-la-zona-a-traves-del-programa-turismo-familiar","status":"publish","type":"post","link":"https:\/\/minutaregional.cl\/?p=1236","title":{"rendered":"1.398 Personas de la Regi\u00f3n de Coquimbo Viajar\u00e1n por Distintos Atractivos de la Zona, a trav\u00e9s del Programa Turismo Familiar"},"content":{"rendered":"<audio class=\"wp-audio-shortcode\" id=\"audio-1236-1\" preload=\"none\" style=\"width: 100%;\" controls=\"controls\"><source type=\"audio\/mpeg\" src=\"https:\/\/minutaregional.cl\/wp-content\/uploads\/2022\/07\/Ali-Manouchehri-alcalde-de-Coquimbo.mp3?_=1\" \/><a href=\"https:\/\/minutaregional.cl\/wp-content\/uploads\/2022\/07\/Ali-Manouchehri-alcalde-de-Coquimbo.mp3\">https:\/\/minutaregional.cl\/wp-content\/uploads\/2022\/07\/Ali-Manouchehri-alcalde-de-Coquimbo.mp3<\/a><\/audio>\n<p>AUDIO : Al\u00ed Manouchehri, Alcalde de Coquimbo<\/p>\n<p style=\"text-align: justify;\"><em>Iniciativa comenz\u00f3 con 41 personas de distintos sectores de la ciudad-puerto rumbo a Combarbal\u00e1, comuna que, junto a Vicu\u00f1a, La Serena y Coquimbo, forma parte de los destinos priorizados para grupos focalizados, impulsando el turismo interno, pues rompe la estacionalidad, fomentar el empleo y la demanda de los servicios, y dinamiza las econom\u00edas locales.<\/em><\/p>\n<p style=\"text-align: justify;\"><strong>Coquimbo, 30 de julio en 2022.-<\/strong> Las maletas de 41 personas de los sectores de Tierras Blancas, El Canelo (Parte Alta) y La Cantera, en Coquimbo, partieron de cargadas de felicidad rumbo a Combarbal\u00e1, luego de ser beneficiadas con el Programa de Turismo Familiar de Sernatur. En total, ser\u00e1n 1.398 viajeros de la regi\u00f3n que podr\u00e1n disfrutar de una estad\u00eda por los distintos destinos que ofrece la zona, a precios econ\u00f3micos y accesibles para grupos focalizados.<\/p>\n<p style=\"text-align: justify;\">La idea, adem\u00e1s, es impulsar el turismo interno, quebrar la estacionalidad, fomentar el empleo en la industria, la demanda de los servicios tur\u00edsticos y dinamizar las econom\u00edas locales, favoreciendo a prestadores de la zona. Ello, mediante paquetes de viaje en modalidad todo incluido y paquetes sin servicio de transporte incluido, los cuales son subsidiados hasta por un 80% por el Estado y desarrollados por operadores especializados. Los precios no superan los $23.000 pesos por persona adulta y $11.000 para el caso de los ni\u00f1os.<\/p>\n<p style=\"text-align: justify;\">Jacqueline Oyarce de Tierras Blancas, junto a su nieta, coment\u00f3 que la iniciativa es una excelente oportunidad para algunas familias, ya que por recursos quedan imposibilitadas de conocer otros lugares o salir de vacaciones. \u201cEsto nos permite conocer la regi\u00f3n, ampliar los conocimientos de otras comunas, y justo como terminaron las vacaciones de invierno, hay que aprovechar el periodo\u201d, dice.<\/p>\n<p style=\"text-align: justify;\">Melanie Claveria agradece que estos viajes se puedan realizar junto a vecinos, conocidos, amigos y familiares, por lo que sus expectativas son que estos d\u00edas \u201cla pasar\u00e1n genial\u201d.<\/p>\n<p style=\"text-align: justify;\">El Programa Turismo Familiar permite la participaci\u00f3n de todo tipo de familias que tengan como m\u00ednimo dos o m\u00e1s integrantes, sin exclusi\u00f3n en su composici\u00f3n. Asimismo, est\u00e1 comprometido con la equidad de g\u00e9nero, entregando acceso preferente a las mujeres ind\u00edgenas, afrodescendientes, inmigrantes y rurales.<\/p>\n<p style=\"text-align: justify;\">Para el alcalde de Coquimbo, Al\u00ed Manouchehri, sin duda \u201cpermiten romper la estacionalidad tur\u00edstica, sino que tambi\u00e9n son una oportunidad para que los vecinos y vecinas de distintos sectores de la comuna, puedan disfrutar en familia de los atractivos de la Regi\u00f3n de Coquimbo\u201d. \u201cEstamos seguros que estas alianzas, que entregan espacios para el descanso y entretenci\u00f3n familiar son un aporte social que generan un mejor ambiente, evitan el estr\u00e9s del d\u00eda a d\u00eda, y permiten que todas las personas, sin importar su condici\u00f3n social, puedan acceder al turismo y a la recreaci\u00f3n\u201d.<\/p>\n<p style=\"text-align: justify;\">Alojamiento de primer nivel, alimentaci\u00f3n, traslados, excusiones y experiencias tur\u00edsticas ser\u00e1 el itinerario de estos vecinos por Combarbal\u00e1. Vicu\u00f1a, La Serena y Coquimbo son los otros atractivos priorizados, de acuerdo con su \u00edndice de estacionalidad.<\/p>\n<p style=\"text-align: justify;\">La directora de Sernatur Coquimbo, Ang\u00e9lica Funes, explica que la inversi\u00f3n social en este programa asciende a $130 millones, \u201cdando la oportunidad a las familias, jefas de estudiantes y adultos mayores de hacer estos viajes dentro de la regi\u00f3n de Coquimbo\u201d. \u201cEl Programa beneficiar\u00e1 a estas casi 1.400 personas durante la temporada 2022-2023 para que no solo puedan conocer su regi\u00f3n, sino los diferentes atractivos, y generar una microeconom\u00eda dentro de la regi\u00f3n de Coquimbo\u201d, a\u00f1ade.<\/p>\n<p style=\"text-align: justify;\">Mientras, para el Seremi de Econom\u00eda, Nicol\u00e1s Ledezma, \u201clos viajes de turismo ofrecen la oportunidad a personas que habitualmente no tienen la capacidad a optar a viajes a costo menor, subsidiado por el Estado, pero lo relevante es que nos permite tener turismo no solo en las fechas de alta temporada, sino tambi\u00e9n en meses de baja temporada, fomentando un turismo local y construir conocimiento tur\u00edstico en la regi\u00f3n\u201d<\/p>\n<p style=\"text-align: justify;\">La ejecuci\u00f3n de este programa se desglosa en $70 millones para 753 cupos, en 2022; $60 millones, para 645 cupos, en 2023. Las 15 comunas ser\u00e1n beneficiar\u00edas entre los dos periodos para viajar a los destinos mencionados.<\/p>\n","protected":false},"excerpt":{"rendered":"<p>AUDIO : Al\u00ed Manouchehri, Alcalde de Coquimbo Iniciativa comenz\u00f3 con 41 personas de distintos sectores de la ciudad-puerto rumbo a Combarbal\u00e1, comuna que, junto a Vicu\u00f1a, La Serena y Coquimbo, forma parte de los destinos priorizados para grupos focalizados, impulsando el turismo interno, pues rompe la estacionalidad, fomentar el empleo<\/p>\n","protected":false},"author":1,"featured_media":1237,"comment_status":"closed","ping_status":"open","sticky":false,"template":"","format":"standard","meta":{"footnotes":""},"categories":[21],"tags":[],"class_list":["post-1236","post","type-post","status-publish","format-standard","has-post-thumbnail","hentry","category-municipalidades"],"_links":{"self":[{"href":"https:\/\/minutaregional.cl\/index.php?rest_route=\/wp\/v2\/posts\/1236","targetHints":{"allow":["GET"]}}],"collection":[{"href":"https:\/\/minutaregional.cl\/index.php?rest_route=\/wp\/v2\/posts"}],"about":[{"href":"https:\/\/minutaregional.cl\/index.php?rest_route=\/wp\/v2\/types\/post"}],"author":[{"embeddable":true,"href":"https:\/\/minutaregional.cl\/index.php?rest_route=\/wp\/v2\/users\/1"}],"replies":[{"embeddable":true,"href":"https:\/\/minutaregional.cl\/index.php?rest_route=%2Fwp%2Fv2%2Fcomments&post=1236"}],"version-history":[{"count":3,"href":"https:\/\/minutaregional.cl\/index.php?rest_route=\/wp\/v2\/posts\/1236\/revisions"}],"predecessor-version":[{"id":1239,"href":"https:\/\/minutaregional.cl\/index.php?rest_route=\/wp\/v2\/posts\/1236\/revisions\/1239"}],"wp:featuredmedia":[{"embeddable":true,"href":"https:\/\/minutaregional.cl\/index.php?rest_route=\/wp\/v2\/media\/1237"}],"wp:attachment":[{"href":"https:\/\/minutaregional.cl\/index.php?rest_route=%2Fwp%2Fv2%2Fmedia&parent=1236"}],"wp:term":[{"taxonomy":"category","embeddable":true,"href":"https:\/\/minutaregional.cl\/index.php?rest_route=%2Fwp%2Fv2%2Fcategories&post=1236"},{"taxonomy":"post_tag","embeddable":true,"href":"https:\/\/minutaregional.cl\/index.php?rest_route=%2Fwp%2Fv2%2Ftags&post=1236"}],"curies":[{"name":"wp","href":"https:\/\/api.w.org\/{rel}","templated":true}]}}