{"id":1226,"date":"2022-07-28T03:17:47","date_gmt":"2022-07-28T03:17:47","guid":{"rendered":"https:\/\/minutaregional.cl\/?p=1226"},"modified":"2022-07-28T03:17:47","modified_gmt":"2022-07-28T03:17:47","slug":"diputada-castillo-solicita-crear-la-figura-de-editora-de-genero-en-tvn","status":"publish","type":"post","link":"https:\/\/minutaregional.cl\/?p=1226","title":{"rendered":"Diputada Castillo solicita crear la figura de editora de g\u00e9nero en TVN"},"content":{"rendered":"<p>El Proyecto de Resoluci\u00f3n suscrito por diputadas del oficialismo busca que la se\u00f1al p\u00fablica adopte una l\u00ednea editorial con enfoque de g\u00e9nero y derechos humanos que erradique en sus contenidos valores estereotipados de mujeres y diversidades, as\u00ed como promover una vida libre de violencia.<\/p>\n<p>\u201cSe hace necesario que TVN cumpla su rol p\u00fablico como medio de comunicaci\u00f3n al servicio de todos y todas, con un enfoque de g\u00e9nero y derechos humanos\u201d, se\u00f1ala parte del Proyecto de Resoluci\u00f3n (PR) realizado por la diputada Nathalie Castillo (Distrito 5) que solicita al Presidente de la Rep\u00fablica, Gabriel Boric, implementar una pol\u00edtica editorial con perspectiva de g\u00e9nero en Televisi\u00f3n Nacional de Chile.<\/p>\n<p>La solicitud, presentada el 4 de julio del 2022 y declarada admisible recientemente, se fundamenta bajo la decisi\u00f3n del directorio de TVN de 1993 en que se define la pol\u00edtica editorial de la se\u00f1al p\u00fablica bajo los principios de \u201cdignidad a las personas y los principios incluidos en la Declaraci\u00f3n Universal de Derechos Humanos y los pactos internacionales\u201d.<\/p>\n<p>Asimismo, el proyecto argumenta que los diversos marcos internacionales firmados por el Estado de Chile advierten sobre la necesidad de que los medios de comunicaci\u00f3n aporten en la \u201celiminaci\u00f3n de estereotipos de g\u00e9nero y promuevan la erradicaci\u00f3n de la violencia contra las mujeres\u201d.<\/p>\n<p>Tal es el caso de la Convenci\u00f3n Belem Do Par\u00e1, ratificada por Chile en 1996, y el Cap\u00edtulo J de la Declaraci\u00f3n y Plataforma de Acci\u00f3n de la Cumbre de Beijing de 1995, \u201cLa mujer y los medios\u201d, que especifican que dentro de las recomendaciones a los medios de comunicaci\u00f3n se encuentra \u201celaborar, en la medida en que ello no atente contra la libertad de expresi\u00f3n, directrices profesionales y c\u00f3digos de conducta y otras forma de autorregulaci\u00f3n para fomentar la presentaci\u00f3n de im\u00e1genes no estereotipadas de la mujer\u201d.<\/p>\n<p>En lo concreto, el PR solicita al Presidente la creaci\u00f3n de la figura \u201ceditor\/a de g\u00e9nero\u201d que permita garantizar esta perspectiva en TVN, tal como lo han ejecutado diversos medios internacionales, como \u201cThe New York Times\u201d y \u201cEl Pa\u00eds\u201d.<\/p>\n<p>Su objetivo, establecen, ser\u00e1 desarrollar una l\u00ednea editorial acorde al respeto de los derechos humanos de las mujeres y diversidades, promoviendo contenidos que fomenten una vida libre de violencia, as\u00ed como la erradicaci\u00f3n de estereotipos sexistas y discriminatorios.<\/p>\n<p>Las firmantes del PR son las diputadas Nathalie Castillo -promotora del mismo-, Daniela Serrano, Alejandra Placencia, Camila Munsante, Emilia Schneider, Maite Orsini, Ana Mar\u00eda Gazmuri, Carolina Marz\u00e1n, Gael Yeomans y el diputado Luis Cuello.<\/p>\n","protected":false},"excerpt":{"rendered":"<p>El Proyecto de Resoluci\u00f3n suscrito por diputadas del oficialismo busca que la se\u00f1al p\u00fablica adopte una l\u00ednea editorial con enfoque de g\u00e9nero y derechos humanos que erradique en sus contenidos valores estereotipados de mujeres y diversidades, as\u00ed como promover una vida libre de violencia. \u201cSe hace necesario que TVN cumpla<\/p>\n","protected":false},"author":1,"featured_media":1227,"comment_status":"closed","ping_status":"open","sticky":false,"template":"","format":"standard","meta":{"footnotes":""},"categories":[26],"tags":[],"class_list":["post-1226","post","type-post","status-publish","format-standard","has-post-thumbnail","hentry","category-camara-de-diputadas-y-diputados"],"_links":{"self":[{"href":"https:\/\/minutaregional.cl\/index.php?rest_route=\/wp\/v2\/posts\/1226","targetHints":{"allow":["GET"]}}],"collection":[{"href":"https:\/\/minutaregional.cl\/index.php?rest_route=\/wp\/v2\/posts"}],"about":[{"href":"https:\/\/minutaregional.cl\/index.php?rest_route=\/wp\/v2\/types\/post"}],"author":[{"embeddable":true,"href":"https:\/\/minutaregional.cl\/index.php?rest_route=\/wp\/v2\/users\/1"}],"replies":[{"embeddable":true,"href":"https:\/\/minutaregional.cl\/index.php?rest_route=%2Fwp%2Fv2%2Fcomments&post=1226"}],"version-history":[{"count":1,"href":"https:\/\/minutaregional.cl\/index.php?rest_route=\/wp\/v2\/posts\/1226\/revisions"}],"predecessor-version":[{"id":1228,"href":"https:\/\/minutaregional.cl\/index.php?rest_route=\/wp\/v2\/posts\/1226\/revisions\/1228"}],"wp:featuredmedia":[{"embeddable":true,"href":"https:\/\/minutaregional.cl\/index.php?rest_route=\/wp\/v2\/media\/1227"}],"wp:attachment":[{"href":"https:\/\/minutaregional.cl\/index.php?rest_route=%2Fwp%2Fv2%2Fmedia&parent=1226"}],"wp:term":[{"taxonomy":"category","embeddable":true,"href":"https:\/\/minutaregional.cl\/index.php?rest_route=%2Fwp%2Fv2%2Fcategories&post=1226"},{"taxonomy":"post_tag","embeddable":true,"href":"https:\/\/minutaregional.cl\/index.php?rest_route=%2Fwp%2Fv2%2Ftags&post=1226"}],"curies":[{"name":"wp","href":"https:\/\/api.w.org\/{rel}","templated":true}]}}