{"id":1223,"date":"2022-07-27T02:05:01","date_gmt":"2022-07-27T02:05:01","guid":{"rendered":"https:\/\/minutaregional.cl\/?p=1223"},"modified":"2022-07-27T02:05:01","modified_gmt":"2022-07-27T02:05:01","slug":"dos-detenidos-por-almacenamiento-y-adquisicion-de-material-con-contenido-de-explotacion-sexual-infantil","status":"publish","type":"post","link":"https:\/\/minutaregional.cl\/?p=1223","title":{"rendered":"DOS DETENIDOS POR ALMACENAMIENTO Y ADQUISICI\u00d3N DE MATERIAL CON CONTENIDO DE EXPLOTACI\u00d3N SEXUAL INFANTIL"},"content":{"rendered":"<p>Detectives del Cibercrimen y de Delitos Sexuales La Serena realizaron la investigaci\u00f3n, en conjunto con la fiscal\u00eda, incautando diversos art\u00edculos electr\u00f3nicos, desde los domicilios ubicados en Coquimbo.<\/p>\n<p>Le segu\u00edan la pista muy de cerca a los imputados por la adquisici\u00f3n y almacenamiento de material con contenido de explotaci\u00f3n sexual de ni\u00f1os, ni\u00f1as y adolescentes. El control era realizado en l\u00ednea por los detectives, mediante el uso de plataformas digitales que permiten sondear las descargas y el consumo de este material prohibido.<\/p>\n<p>5 domicilios fueron allanados luego de la investigaci\u00f3n realizada por la Brigada Investigadora del Cibercrimen Metropolitana y la Brigada de Delitos Sexuales La Serena, que desarroll\u00f3 el procedimiento en distintos sectores de Coquimbo, en coordinaci\u00f3n con el Ministerio P\u00fablico y la autorizaci\u00f3n del Juzgado de Garant\u00eda de la comuna porte\u00f1a.<\/p>\n<p>\u201cDetectives de esta unidad especializada detuvieron a dos imputados tras cumplir la autorizaci\u00f3n judicial, para la entrada y registro que permiti\u00f3 la incautaci\u00f3n de 2 equipos computacionales tipo notebook, un disco duro externo y un tel\u00e9fono celular. Mediante el an\u00e1lisis criminal e inteligencia policial, se pudo establecer que manten\u00edan material con contenido de explotaci\u00f3n sexual a ni\u00f1os, ni\u00f1as y adolescentes, archivos virtuales que ser\u00e1n sometidos al an\u00e1lisis del Laboratorio de Criminal\u00edstica a nivel central\u201d, se\u00f1al\u00f3 el comisario Carlos Ortiz, de la Brigada Investigadora de Delitos Sexuales La Serena.<\/p>\n<p>Los dos detenidos quedaron a disposici\u00f3n del Ministerio P\u00fablico para su control de detenci\u00f3n, en un procedimiento que fue declarado legal por el Juzgado de Garant\u00eda de Coquimbo, donde se formaliz\u00f3 a los imputados por adquisici\u00f3n y almacenamiento de pornograf\u00eda infantil, aplicando la medida cautelar de firma mensual de ambos individuos y concediendo 60 d\u00edas para el desarrollo de la investigaci\u00f3n.<\/p>\n","protected":false},"excerpt":{"rendered":"<p>Detectives del Cibercrimen y de Delitos Sexuales La Serena realizaron la investigaci\u00f3n, en conjunto con la fiscal\u00eda, incautando diversos art\u00edculos electr\u00f3nicos, desde los domicilios ubicados en Coquimbo. Le segu\u00edan la pista muy de cerca a los imputados por la adquisici\u00f3n y almacenamiento de material con contenido de explotaci\u00f3n sexual de<\/p>\n","protected":false},"author":1,"featured_media":1224,"comment_status":"closed","ping_status":"open","sticky":false,"template":"","format":"standard","meta":{"footnotes":""},"categories":[14],"tags":[],"class_list":["post-1223","post","type-post","status-publish","format-standard","has-post-thumbnail","hentry","category-pdi"],"_links":{"self":[{"href":"https:\/\/minutaregional.cl\/index.php?rest_route=\/wp\/v2\/posts\/1223","targetHints":{"allow":["GET"]}}],"collection":[{"href":"https:\/\/minutaregional.cl\/index.php?rest_route=\/wp\/v2\/posts"}],"about":[{"href":"https:\/\/minutaregional.cl\/index.php?rest_route=\/wp\/v2\/types\/post"}],"author":[{"embeddable":true,"href":"https:\/\/minutaregional.cl\/index.php?rest_route=\/wp\/v2\/users\/1"}],"replies":[{"embeddable":true,"href":"https:\/\/minutaregional.cl\/index.php?rest_route=%2Fwp%2Fv2%2Fcomments&post=1223"}],"version-history":[{"count":1,"href":"https:\/\/minutaregional.cl\/index.php?rest_route=\/wp\/v2\/posts\/1223\/revisions"}],"predecessor-version":[{"id":1225,"href":"https:\/\/minutaregional.cl\/index.php?rest_route=\/wp\/v2\/posts\/1223\/revisions\/1225"}],"wp:featuredmedia":[{"embeddable":true,"href":"https:\/\/minutaregional.cl\/index.php?rest_route=\/wp\/v2\/media\/1224"}],"wp:attachment":[{"href":"https:\/\/minutaregional.cl\/index.php?rest_route=%2Fwp%2Fv2%2Fmedia&parent=1223"}],"wp:term":[{"taxonomy":"category","embeddable":true,"href":"https:\/\/minutaregional.cl\/index.php?rest_route=%2Fwp%2Fv2%2Fcategories&post=1223"},{"taxonomy":"post_tag","embeddable":true,"href":"https:\/\/minutaregional.cl\/index.php?rest_route=%2Fwp%2Fv2%2Ftags&post=1223"}],"curies":[{"name":"wp","href":"https:\/\/api.w.org\/{rel}","templated":true}]}}