{"id":1217,"date":"2022-07-27T01:30:52","date_gmt":"2022-07-27T01:30:52","guid":{"rendered":"https:\/\/minutaregional.cl\/?p=1217"},"modified":"2022-07-27T01:30:52","modified_gmt":"2022-07-27T01:30:52","slug":"consejo-regional-y-minvu-revisan-panorama-habitacional-y-afinan-trabajo-para-agilizar-inversiones-conjuntas","status":"publish","type":"post","link":"https:\/\/minutaregional.cl\/?p=1217","title":{"rendered":"Consejo Regional y Minvu revisan panorama habitacional y afinan trabajo para agilizar inversiones conjuntas"},"content":{"rendered":"<p>Durante la \u00faltima sesi\u00f3n de la comisi\u00f3n de Desarrollo Social del CORE, el Seremi de Vivienda, Jos\u00e9 Manuel Peralta, y la Directora (s) de Serviu, Ver\u00f3nica Ibacache, expusieron que la Regi\u00f3n de Coquimbo es una de las tres que no cuentan con convenio con la cartera de vivienda, lo que podr\u00eda afectar la finalizaci\u00f3n de dos proyectos de viviendas sociales.<\/p>\n<p>En julio de 2021 el Consejo Regional (CORE), mediante acuerdo N\u00b011.543 aprob\u00f3 la generaci\u00f3n de un Convenio de Programaci\u00f3n entre Gobierno Regional de Coquimbo y el Ministerio de Vivienda y Urbanismo (MINVU), con una inversi\u00f3n total superior a los $8.228 millones, de los que el Gobierno Regional aportar\u00eda m\u00e1s de $1.259 millones. El objetivo es consolidar en un solo instrumento de gesti\u00f3n el cofinanciamiento para dos proyectos anteriores de viviendas sociales: \u201cLafken \u2013 Caleta San Pedro\u201d, en la Comuna de La Serena y \u201cVilla San Sebasti\u00e1n\u201d, en Ovalle.<\/p>\n<p>Un convenio que a la fecha no ha tenido avance por falta de firmas de parte del ejecutivo del Gobierno Regional, a quien entre marzo y julio se han derivado una serie de acuerdos para tener detalles del mismo, cuya urgencia fue abordada durante la \u00faltima sesi\u00f3n de la comisi\u00f3n de Desarrollo Social del CORE, presidida por el consejero Lombardo Toledo. Esto implica que la Regi\u00f3n de Coquimbo es una de las tres a nivel nacional que no cuentan con convenios con Minvu actualmente.<\/p>\n<p>\u201cAqu\u00ed hay un compromiso importante por parte del ejecutivo del Gobierno Regional, representado hoy por profesionales de Diplade y Dipir, porque \u00e9tica y administrativamente ahora ya se necesita la firma de la gobernadora. Adem\u00e1s, a solicitud del CORE, por acuerdo un\u00e1nime, hay que hacer un convenio amplio de programaci\u00f3n desde el 2023 en adelante, ya que existe un d\u00e9ficit de 29 mil viviendas en la regi\u00f3n, lo que amerita que nosotros, as\u00ed como lo hemos hecho con Salud y otras Seremis, podamos aportar con un granito de arena a las necesidades b\u00e1sicas, como es el acceso de nuestras familias a una vivienda digna\u201d, dijo Toledo tras la reuni\u00f3n de trabajo.<\/p>\n<p>Por lo anterior, uno de los acuerdos de comisi\u00f3n, que ser\u00e1 votado por el pleno del CORE este mi\u00e9rcoles 27, es insistir en pronunciamiento y agilizaci\u00f3n de la firma de este convenio por parte del ejecutivo del Gobierno Regional, adem\u00e1s de reactivar la mesa de vivienda y entornos dignos, entre otros.<\/p>\n<p>El primer acuerdo CORE para financiar el Loteo Villa San Sebasti\u00e1n de Ovalle, correspondiente al programa Fondo Solidario de Vivienda (DS49) se aprob\u00f3 en noviembre de 2020, para apoyar a 632 integrantes de 5 comit\u00e9s de vivienda, a trav\u00e9s de 158 soluciones habitacionales. La inversi\u00f3n total de esta iniciativa es superior a los $5.447 millones, de los que $786 millones provendr\u00edan del Gobierno Regional.<\/p>\n<p>Por otra parte, el Loteo Lafken Caleta San Pedro, en La Serena tuvo su primer acuerdo CORE en abril de 2021, aprobando el aporte regional de $605.499.000 a financiar entre 2022 y 2023 con el fin de construir 94 soluciones habitacionales para cerca de 376 personas del Comit\u00e9 Esperanza De La Caleta De San Pedro. La inversi\u00f3n total para este proyecto es de $3.665 millones.<\/p>\n<p>La directora regional (s) del Serviu, Ver\u00f3nica Ibacache, explic\u00f3 que ambas iniciativas est\u00e1n en ejecuci\u00f3n desde finales del a\u00f1o pasado, detallando que \u201cel loteo Lafk\u00e9n lleva un 45.7% de avance y El San Sebasti\u00e1n un 29.58% de avance, por lo tanto, es s\u00faper importante que podamos concretar los aportes del Gobierno Regional comprometidos para estos proyectos, dado que est\u00e1n en ejecuci\u00f3n y tienen fecha estimada de t\u00e9rmino a mediado del 2023, en junio y agosto de 2023, por tanto, es imprescindible que logremos un acuerdo con los aportes comprometidos del CORE que son esenciales para el buen t\u00e9rmino de estos proyectos\u201d, puntualiz\u00f3.<\/p>\n<p>Por su parte, el seremi de vivienda, Jos\u00e9 Manuel Peralta, remarc\u00f3 que, en el marco del \u201cPlan de Emergencia Habitacional\u201d el Gobierno del presidente Boric \u201cbusca contribuir a disminuir el d\u00e9ficit habitacional construyendo 260 mil viviendas en todo Chile y en la regi\u00f3n de Coquimbo 12.490 soluciones. Dentro de eso, todos los Gobiernos Regionales de Chile, excepto 3, no tienen convenio de programaci\u00f3n con el Ministerio de Vivienda, lo que genera ciertas dificultades, atrasos o p\u00e9rdidas de oportunidad desde la regi\u00f3n para sumarse a esta tarea tit\u00e1nica que tiene Chile de poder superar el d\u00e9ficit habitacional y entregar vivienda\u201d, detall\u00f3 el SEREMI.<\/p>\n<p>La autoridad regional de vivienda puntualiz\u00f3 que estas iniciativas buscan apoyar a familias que actualmente viven allegadas, en campamentos, en tomas o pagando arriendos elevados, por lo que se requiere de agilidad en los procesos.<\/p>\n<p>&nbsp;<\/p>\n","protected":false},"excerpt":{"rendered":"<p>Durante la \u00faltima sesi\u00f3n de la comisi\u00f3n de Desarrollo Social del CORE, el Seremi de Vivienda, Jos\u00e9 Manuel Peralta, y la Directora (s) de Serviu, Ver\u00f3nica Ibacache, expusieron que la Regi\u00f3n de Coquimbo es una de las tres que no cuentan con convenio con la cartera de vivienda, lo que<\/p>\n","protected":false},"author":1,"featured_media":1218,"comment_status":"closed","ping_status":"open","sticky":false,"template":"","format":"standard","meta":{"footnotes":""},"categories":[19],"tags":[],"class_list":["post-1217","post","type-post","status-publish","format-standard","has-post-thumbnail","hentry","category-corecoquimbo"],"_links":{"self":[{"href":"https:\/\/minutaregional.cl\/index.php?rest_route=\/wp\/v2\/posts\/1217","targetHints":{"allow":["GET"]}}],"collection":[{"href":"https:\/\/minutaregional.cl\/index.php?rest_route=\/wp\/v2\/posts"}],"about":[{"href":"https:\/\/minutaregional.cl\/index.php?rest_route=\/wp\/v2\/types\/post"}],"author":[{"embeddable":true,"href":"https:\/\/minutaregional.cl\/index.php?rest_route=\/wp\/v2\/users\/1"}],"replies":[{"embeddable":true,"href":"https:\/\/minutaregional.cl\/index.php?rest_route=%2Fwp%2Fv2%2Fcomments&post=1217"}],"version-history":[{"count":1,"href":"https:\/\/minutaregional.cl\/index.php?rest_route=\/wp\/v2\/posts\/1217\/revisions"}],"predecessor-version":[{"id":1219,"href":"https:\/\/minutaregional.cl\/index.php?rest_route=\/wp\/v2\/posts\/1217\/revisions\/1219"}],"wp:featuredmedia":[{"embeddable":true,"href":"https:\/\/minutaregional.cl\/index.php?rest_route=\/wp\/v2\/media\/1218"}],"wp:attachment":[{"href":"https:\/\/minutaregional.cl\/index.php?rest_route=%2Fwp%2Fv2%2Fmedia&parent=1217"}],"wp:term":[{"taxonomy":"category","embeddable":true,"href":"https:\/\/minutaregional.cl\/index.php?rest_route=%2Fwp%2Fv2%2Fcategories&post=1217"},{"taxonomy":"post_tag","embeddable":true,"href":"https:\/\/minutaregional.cl\/index.php?rest_route=%2Fwp%2Fv2%2Ftags&post=1217"}],"curies":[{"name":"wp","href":"https:\/\/api.w.org\/{rel}","templated":true}]}}