{"id":1214,"date":"2022-07-27T00:57:36","date_gmt":"2022-07-27T00:57:36","guid":{"rendered":"https:\/\/minutaregional.cl\/?p=1214"},"modified":"2022-07-27T00:58:40","modified_gmt":"2022-07-27T00:58:40","slug":"gobierno-ratifico-la-construccion-del-nuevo-hospital-provincial-de-choapa-en-illapel","status":"publish","type":"post","link":"https:\/\/minutaregional.cl\/?p=1214","title":{"rendered":"Gobierno ratific\u00f3 la construcci\u00f3n del nuevo Hospital Provincial de Choapa en Illapel"},"content":{"rendered":"<p>Durante su participaci\u00f3n en la Mesa de Salud illapelina, que preside el alcalde Denis Cort\u00e9s Aguilera, la Ministra de Salud, Mar\u00eda Bego\u00f1a Yarza, comprometi\u00f3 los $128 mil millones de inversi\u00f3n que se requieren para concretar el proyecto.<\/p>\n<p>\u201cConfirmo, con total emoci\u00f3n, que aqu\u00ed se va a construir el nuevo Hospital de Illapel\u201d. Con estas palabras, la Ministra de Salud Mar\u00eda Bego\u00f1a Yarza ratific\u00f3 lo que miles de habitantes de la provincia del Choapa esperaban desde hace m\u00e1s de una d\u00e9cada. La Secretaria de Estado asegur\u00f3 que en octubre pr\u00f3ximo se firmar\u00e1 el convenio de programaci\u00f3n que permitir\u00e1 licitar y materializar el proyecto, que implicar\u00e1 una inversi\u00f3n ministerial de $128 mil millones, y que posibilitar\u00e1 entregar una mejor atenci\u00f3n de salud a la comunidad de Illapel, Salamanca, Los Vilos y Canela, aproximadamente 96 mil personas.<\/p>\n<p>El anuncio de la Ministra de Salud fue realizado en el marco de una visita de la autoridad a la comuna de Illapel y su participaci\u00f3n en la Mesa de Salud Comunal, presidida por el alcalde Denis Cort\u00e9s Aguilera, y en la que estuvieron presentes autoridades regionales, los alcaldes de las comunas de Canela y Salamanca, adem\u00e1s de parlamentarios, dirigentes sociales y funcionarios de la salud. Mar\u00eda Bego\u00f1a Yarza agreg\u00f3 que al apoyo del gobierno a la construcci\u00f3n del hospital en Illapel se sumar\u00e1 la elaboraci\u00f3n de un \u201cplan maestro de inversiones (de salud) que cierre las brechas de esta provincia\u201d.<\/p>\n<p>\u201cYo los quiero invitar a que hagamos un modelo de desarrollo del Choapa integral\u201d, agreg\u00f3 la autoridad, indicando que para ello es fundamental incorporar el componente rural de las comunidades. \u201cQueremos transformar, hacer las cosas distintas, para mejor, con la gente, haciendo las cosas que la gente espera\u201d, sostuvo la Ministra Yarza.<\/p>\n<p>Por su parte, el alcalde illapelino Denis Cort\u00e9s Aguilera, se manifest\u00f3 muy contento por el respaldo del gobierno al nuevo hospital en Illapel. \u201cEs un tremendo sue\u00f1o para nosotros tener un hospital digno (\u2026) Esperamos que la licitaci\u00f3n se pueda realizar este a\u00f1o\u201d, dijo. El jefe comunal enfatiz\u00f3 que no s\u00f3lo es importante la infraestructura de m\u00e1s de 50 mil metros cuadrados del nuevo hospital provincial del Choapa , sino los problemas de salud hist\u00f3ricos que aquejan a las localidades que atender\u00e1. \u201cVamos a tener m\u00e1s camas, m\u00e1s especialistas, vamos a contar con un \u00e1rea de salud mental, otra de atenci\u00f3n a la infancia, las operaciones de mayor complejidad se van a poder realizar en el nuevo hospital, tendremos un helipuerto para traslados en casos de emergencia\u201d, detall\u00f3 el edil.<\/p>\n<p>A los anuncios por el nuevo hospital en Illapel se sum\u00f3 el de la Gobernadora Regional de Coquimbo, Krist Naranjo, quien confirm\u00f3 que el gobierno regional aportar\u00e1 con $18 mil millones para la adquisici\u00f3n de equipos y poner en funcionamiento el nuevo recinto de salud del Choapa.<\/p>\n<p>El convenio de programaci\u00f3n que oficializar\u00e1 la disponibilidad de los recursos para licitar el proyecto de construcci\u00f3n del nuevo hospital provincial de Choapa en Illapel ya fue revisado por el Servicio de Salud de Coquimbo y por representantes del Gobierno Regional (GORE) de Coquimbo y, a continuaci\u00f3n, ser\u00e1 analizado por el Consejo Regional. Posteriormente, en un plazo estimado de un mes ser\u00e1 el turno del an\u00e1lisis de los departamentos jur\u00eddicos del Ministerio y el Gore para, finalmente, cerrar el proceso con la firma de la ministra Mar\u00eda Bego\u00f1a Yarza y la gobernadora regional, Krist Naranjo, en octubre pr\u00f3ximo.<\/p>\n<p>&nbsp;<\/p>\n<p>&nbsp;<\/p>\n<p>&nbsp;<\/p>\n<p>&nbsp;<\/p>\n<p>&nbsp;<\/p>\n<p>&nbsp;<\/p>\n<p>&nbsp;<\/p>\n<p>&nbsp;<\/p>\n","protected":false},"excerpt":{"rendered":"<p>Durante su participaci\u00f3n en la Mesa de Salud illapelina, que preside el alcalde Denis Cort\u00e9s Aguilera, la Ministra de Salud, Mar\u00eda Bego\u00f1a Yarza, comprometi\u00f3 los $128 mil millones de inversi\u00f3n que se requieren para concretar el proyecto. \u201cConfirmo, con total emoci\u00f3n, que aqu\u00ed se va a construir el nuevo Hospital<\/p>\n","protected":false},"author":1,"featured_media":1215,"comment_status":"closed","ping_status":"open","sticky":false,"template":"","format":"standard","meta":{"footnotes":""},"categories":[6,22,7],"tags":[],"class_list":["post-1214","post","type-post","status-publish","format-standard","has-post-thumbnail","hentry","category-gorecoquimbo","category-muni-illapel","category-serviciospublicos"],"_links":{"self":[{"href":"https:\/\/minutaregional.cl\/index.php?rest_route=\/wp\/v2\/posts\/1214","targetHints":{"allow":["GET"]}}],"collection":[{"href":"https:\/\/minutaregional.cl\/index.php?rest_route=\/wp\/v2\/posts"}],"about":[{"href":"https:\/\/minutaregional.cl\/index.php?rest_route=\/wp\/v2\/types\/post"}],"author":[{"embeddable":true,"href":"https:\/\/minutaregional.cl\/index.php?rest_route=\/wp\/v2\/users\/1"}],"replies":[{"embeddable":true,"href":"https:\/\/minutaregional.cl\/index.php?rest_route=%2Fwp%2Fv2%2Fcomments&post=1214"}],"version-history":[{"count":1,"href":"https:\/\/minutaregional.cl\/index.php?rest_route=\/wp\/v2\/posts\/1214\/revisions"}],"predecessor-version":[{"id":1216,"href":"https:\/\/minutaregional.cl\/index.php?rest_route=\/wp\/v2\/posts\/1214\/revisions\/1216"}],"wp:featuredmedia":[{"embeddable":true,"href":"https:\/\/minutaregional.cl\/index.php?rest_route=\/wp\/v2\/media\/1215"}],"wp:attachment":[{"href":"https:\/\/minutaregional.cl\/index.php?rest_route=%2Fwp%2Fv2%2Fmedia&parent=1214"}],"wp:term":[{"taxonomy":"category","embeddable":true,"href":"https:\/\/minutaregional.cl\/index.php?rest_route=%2Fwp%2Fv2%2Fcategories&post=1214"},{"taxonomy":"post_tag","embeddable":true,"href":"https:\/\/minutaregional.cl\/index.php?rest_route=%2Fwp%2Fv2%2Ftags&post=1214"}],"curies":[{"name":"wp","href":"https:\/\/api.w.org\/{rel}","templated":true}]}}