{"id":1196,"date":"2022-07-21T17:24:25","date_gmt":"2022-07-21T17:24:25","guid":{"rendered":"https:\/\/minutaregional.cl\/?p=1196"},"modified":"2022-07-21T17:24:25","modified_gmt":"2022-07-21T17:24:25","slug":"vecinos-de-ovalle-protestan-contra-la-fiscalia","status":"publish","type":"post","link":"https:\/\/minutaregional.cl\/?p=1196","title":{"rendered":"VECINOS DE OVALLE PROTESTAN CONTRA LA FISCAL\u00cdA"},"content":{"rendered":"<p>Un grupo de vecinos del centro de Ovalle protest\u00f3 en las afueras de la Fiscal\u00eda de la ciudad por haber dejado en libertad a un individuo que perpetr\u00f3 un asalto amenazando de muerte a due\u00f1o de negocio. Cansados, ya que han aumentado los delitos en el \u00faltimo tiempo, exigieron m\u00e1s eficiencia a la Fiscal\u00eda para impedir que liberen a estos sujetos a pesar de las pruebas con fotos y videos que acreditan la responsabilidad en el hecho de la persona liberada.<\/p>\n<p>As\u00ed lo relat\u00f3 una v\u00edctima, Fernando L\u00f3pez, microempresario. \u00abFui v\u00edctima por segunda vez de un hecho delictivo. La primera vez logr\u00e9 atrapar al tipo, recuper\u00e9 mis cosas y cuando lleg\u00f3 Carabineros, el tipo alcanz\u00f3 a arrancar. Esta vez fui atacado y amenazado, por otra persona, con un cuchillo de unos 40 cms. Carabineros lo atrap\u00f3, lo pill\u00f3 con el arma, avisaron al fiscal pero el fiscal consider\u00f3 que no era una persona que pondr\u00eda en riesgo a la sociedad, siendo que \u00e9l ten\u00eda un cuchillo. No van a pelar papas, ellos atacan a las personas. Imag\u00ednese si le toca a una mujer. No s\u00e9 qu\u00e9 espera la Fiscal\u00eda. Pagamos impuestos, cumplimos las leyes y la Fiscal\u00eda no hace nada. Las polic\u00edas hacen la pega, pero la Fiscal\u00eda no, los suelta, teniendo las pruebas\u00bb.<\/p>\n<p>El Senador Daniel N\u00fa\u00f1ez solidariz\u00f3 con la manifestaci\u00f3n. \u00abEs preocupante lo que ha ocurrido en Ovalle. Hay una vulneraci\u00f3n de derechos en que se niega el acceso a la justicia, al detener a un delincuente en flagrancia y luego debe cumplir la condena como corresponde. A m\u00ed me resulta inexplicable el comportamiento que tuvo la fiscal\u00eda de Ovalle. Yo pedir\u00e9 una explicaci\u00f3n de esto al Fiscal Regional Adri\u00e1n Vega para que nos explique con qu\u00e9 criterio est\u00e1 actuando la Fiscal\u00eda porque es evidente que si Carabineros hace la pega, lo que corresponde es que esa persona quede detenida, y eso no ocurri\u00f3, lo que me parece grave\u00bb.<\/p>\n<p>La peluquera Raquel Venegas, tiene su sal\u00f3n de belleza hace 38 a\u00f1os. \u00abTengo que atender a puertas cerradas, s\u00f3lo por tel\u00e9fono y todas mis clientas se quejan de la delincuencia. Yo me acuerdo del Ovalle de antes, era tranquilo, no hab\u00edan asaltos. Los tiempos cambian, lo s\u00e9, pero hoy la gente est\u00e1 m\u00e1s agresiva, si no paramos va a crecer m\u00e1s. La Fiscal\u00eda no hace nada\u00bb.<\/p>\n<p>En tanto, el dirigente social, \u00d3scar L\u00f3pez indic\u00f3 que \u00abestamos cansados de esta situaci\u00f3n. No se est\u00e1 haciendo bien la pega, en la cual, el delincuente fue detenido, actu\u00f3 Carabineros, pero fue liberado por la Fiscal\u00eda, a pesar de que fue un Homicidio Frustrado. Queremos que la Fiscal\u00eda haga bien su pega. Tenemos las pruebas, pero no fueron tomadas en cuenta y nos amenaz\u00f3 de nuevo este delincuente. No podemos seguir arriesgando nuestras vidas\u00bb.<\/p>\n<p>Luego de la protesta, los vecinos, Carabineros, la coordinadora regional de seguridad p\u00fablica y diferentes organizaciones sociales se reunieron con el delegado provincial Galo Luna para analizar esta situaci\u00f3n que preocupa a la comunidad, la inseguridad.\u00a0 \u00abRecibimos a locatarios, que estuvieron manifest\u00e1ndose respecto a asaltos, amenazas, de seguridad p\u00fablica. Hemos trazado un trabajo inmediato, preventivo para poder abordar este problema. Adem\u00e1s coordinaciones con otras instituciones para disminuir este tipo de sucesos\u00bb.<\/p>\n<p>Ante este hecho, el fiscal de Ovalle, Jaime Rojas soslay\u00f3 la manifestaci\u00f3n en contra, pero en una actividad p\u00fablica realizada en la Plaza de Armas, en que se lanz\u00f3 campa\u00f1a para prevenir robos violentos y portonazos, inst\u00f3 a que \u00ablas personas que tienen alg\u00fan tipo de antecedentes que permitan ayudar a esclarecer estos delitos puedan entregar los antecedentes en la Fiscal\u00eda, a las polic\u00edas en forma segura, con reserva de identidad y as\u00ed ayudar a aclarar los delitos que est\u00e1n ocurriendo en la comuna. Contamos con la unidad de v\u00edctimas y testigos para que participen en los procesos investigativos\u00bb. En esa actividad estuvo el alcalde Renter\u00eda, el delegado Galo Luna y las polic\u00edas.<\/p>\n<p>&nbsp;<\/p>\n<p>&nbsp;<\/p>\n","protected":false},"excerpt":{"rendered":"<p>Un grupo de vecinos del centro de Ovalle protest\u00f3 en las afueras de la Fiscal\u00eda de la ciudad por haber dejado en libertad a un individuo que perpetr\u00f3 un asalto amenazando de muerte a due\u00f1o de negocio. Cansados, ya que han aumentado los delitos en el \u00faltimo tiempo, exigieron m\u00e1s<\/p>\n","protected":false},"author":1,"featured_media":1197,"comment_status":"closed","ping_status":"open","sticky":false,"template":"","format":"standard","meta":{"footnotes":""},"categories":[26],"tags":[],"class_list":["post-1196","post","type-post","status-publish","format-standard","has-post-thumbnail","hentry","category-camara-de-diputadas-y-diputados"],"_links":{"self":[{"href":"https:\/\/minutaregional.cl\/index.php?rest_route=\/wp\/v2\/posts\/1196","targetHints":{"allow":["GET"]}}],"collection":[{"href":"https:\/\/minutaregional.cl\/index.php?rest_route=\/wp\/v2\/posts"}],"about":[{"href":"https:\/\/minutaregional.cl\/index.php?rest_route=\/wp\/v2\/types\/post"}],"author":[{"embeddable":true,"href":"https:\/\/minutaregional.cl\/index.php?rest_route=\/wp\/v2\/users\/1"}],"replies":[{"embeddable":true,"href":"https:\/\/minutaregional.cl\/index.php?rest_route=%2Fwp%2Fv2%2Fcomments&post=1196"}],"version-history":[{"count":1,"href":"https:\/\/minutaregional.cl\/index.php?rest_route=\/wp\/v2\/posts\/1196\/revisions"}],"predecessor-version":[{"id":1198,"href":"https:\/\/minutaregional.cl\/index.php?rest_route=\/wp\/v2\/posts\/1196\/revisions\/1198"}],"wp:featuredmedia":[{"embeddable":true,"href":"https:\/\/minutaregional.cl\/index.php?rest_route=\/wp\/v2\/media\/1197"}],"wp:attachment":[{"href":"https:\/\/minutaregional.cl\/index.php?rest_route=%2Fwp%2Fv2%2Fmedia&parent=1196"}],"wp:term":[{"taxonomy":"category","embeddable":true,"href":"https:\/\/minutaregional.cl\/index.php?rest_route=%2Fwp%2Fv2%2Fcategories&post=1196"},{"taxonomy":"post_tag","embeddable":true,"href":"https:\/\/minutaregional.cl\/index.php?rest_route=%2Fwp%2Fv2%2Ftags&post=1196"}],"curies":[{"name":"wp","href":"https:\/\/api.w.org\/{rel}","templated":true}]}}