{"id":1190,"date":"2022-07-21T02:46:38","date_gmt":"2022-07-21T02:46:38","guid":{"rendered":"https:\/\/minutaregional.cl\/?p=1190"},"modified":"2022-07-21T02:46:38","modified_gmt":"2022-07-21T02:46:38","slug":"optimizan-la-digitalizacion-de-30-micro-emprendedores-de-ovalle","status":"publish","type":"post","link":"https:\/\/minutaregional.cl\/?p=1190","title":{"rendered":"Optimizan la digitalizaci\u00f3n de 30 micro emprendedores de Ovalle"},"content":{"rendered":"<p>Implementar una estrategia de\u00a0formaci\u00f3n para microempresarios multisectoriales a trav\u00e9s de la digitalizaci\u00f3n de los procesos, pasando por modelos de negocios y estrategias digitales, hasta aspectos de Big Data, Ciberseguridad e Inteligencia Artificial, con aplicaci\u00f3n en los negocios, es parte de lo que actualmente realiza el Programa Viraliza de Corfo \u201cFormaci\u00f3n Digital para el sector empresarial de la comuna de Ovalle: Pyme Digital\u201d ejecutado por Innovativa.<\/p>\n<p>Si bien la mayor\u00eda de empresas se han adaptado a los medios digitales para poder comercializar de manera efectiva sus productos, se hace necesario reforzar a\u00fan m\u00e1s la implementaci\u00f3n de mecanismos que aprovechen al m\u00e1ximo estas herramientas, sobre todo para quienes cuentan con menores recursos.<\/p>\n<p>Al respecto, el Director Regional de Corfo, Andr\u00e9s Zurita, explic\u00f3 que el objetivo de este tipo de iniciativas es\u00a0poder llegar a los emprendedores para\u00a0proveer de formaci\u00f3n digital te\u00f3rico -pr\u00e1ctica a las empresas de distintas escalas de la comuna de Ovalle. \u201cEste tipo de programa es clave para las empresas de hoy, puesto que no s\u00f3lo se fomenta la incorporaci\u00f3n de nuevas y mejores tecnolog\u00edas en los procesos productivos y de gesti\u00f3n, sino que tambi\u00e9n combina t\u00e9cnicas y habilidades para la generaci\u00f3n de nuevas experiencias con los clientes, mejorando la productividad y competitividad, y dada la contingencia sanitaria, les permite ampliar las posibilidades de comercializaci\u00f3n remota\u201d.<\/p>\n<p>Por su parte el alcalde de Ovalle, Claudio Renter\u00eda, se\u00f1al\u00f3 que el programa de Corfo potenciar\u00e1 el desarrollo de la comuna. \u201cPara nosotros como municipalidad es fundamental la digitalizaci\u00f3n en base a la modernizaci\u00f3n de los procesos tecnol\u00f3gicos para nuestros emprendedores. Es por esto que hemos estado trabajando en esta l\u00ednea porque es importante que se familiaricen con las p\u00e1ginas web y sobre todo con las redes sociales, que se han convertido en una herramienta muy utilizada para comercializar diversos tipos de producto\u201d.<\/p>\n<p>En este sentido, una de las beneficiarias del programa, Camila Barrera, socia de la florer\u00eda \u201cEl Noruego\u201d, afirma que a trav\u00e9s de estas capacitaciones han obtenido herramientas para mejorar su emprendimiento y en concreto obtener mayores ganancias. \u201cYo le hago un llamado a los emprendedores a perder el miedo, a atreverse a innovar e incorporar estas tecnolog\u00edas en sus negocios. Realmente son herramientas muy \u00fatiles. Nosotros ya estamos so\u00f1ando con que nuestra florer\u00eda sea conocida en todo el pa\u00eds\u201d.<\/p>\n<p>&nbsp;<\/p>\n<p>&nbsp;<\/p>\n","protected":false},"excerpt":{"rendered":"<p>Implementar una estrategia de\u00a0formaci\u00f3n para microempresarios multisectoriales a trav\u00e9s de la digitalizaci\u00f3n de los procesos, pasando por modelos de negocios y estrategias digitales, hasta aspectos de Big Data, Ciberseguridad e Inteligencia Artificial, con aplicaci\u00f3n en los negocios, es parte de lo que actualmente realiza el Programa Viraliza de Corfo \u201cFormaci\u00f3n<\/p>\n","protected":false},"author":1,"featured_media":1191,"comment_status":"closed","ping_status":"open","sticky":false,"template":"","format":"standard","meta":{"footnotes":""},"categories":[20],"tags":[],"class_list":["post-1190","post","type-post","status-publish","format-standard","has-post-thumbnail","hentry","category-corfo"],"_links":{"self":[{"href":"https:\/\/minutaregional.cl\/index.php?rest_route=\/wp\/v2\/posts\/1190","targetHints":{"allow":["GET"]}}],"collection":[{"href":"https:\/\/minutaregional.cl\/index.php?rest_route=\/wp\/v2\/posts"}],"about":[{"href":"https:\/\/minutaregional.cl\/index.php?rest_route=\/wp\/v2\/types\/post"}],"author":[{"embeddable":true,"href":"https:\/\/minutaregional.cl\/index.php?rest_route=\/wp\/v2\/users\/1"}],"replies":[{"embeddable":true,"href":"https:\/\/minutaregional.cl\/index.php?rest_route=%2Fwp%2Fv2%2Fcomments&post=1190"}],"version-history":[{"count":1,"href":"https:\/\/minutaregional.cl\/index.php?rest_route=\/wp\/v2\/posts\/1190\/revisions"}],"predecessor-version":[{"id":1192,"href":"https:\/\/minutaregional.cl\/index.php?rest_route=\/wp\/v2\/posts\/1190\/revisions\/1192"}],"wp:featuredmedia":[{"embeddable":true,"href":"https:\/\/minutaregional.cl\/index.php?rest_route=\/wp\/v2\/media\/1191"}],"wp:attachment":[{"href":"https:\/\/minutaregional.cl\/index.php?rest_route=%2Fwp%2Fv2%2Fmedia&parent=1190"}],"wp:term":[{"taxonomy":"category","embeddable":true,"href":"https:\/\/minutaregional.cl\/index.php?rest_route=%2Fwp%2Fv2%2Fcategories&post=1190"},{"taxonomy":"post_tag","embeddable":true,"href":"https:\/\/minutaregional.cl\/index.php?rest_route=%2Fwp%2Fv2%2Ftags&post=1190"}],"curies":[{"name":"wp","href":"https:\/\/api.w.org\/{rel}","templated":true}]}}