{"id":1187,"date":"2022-07-21T02:10:14","date_gmt":"2022-07-21T02:10:14","guid":{"rendered":"https:\/\/minutaregional.cl\/?p=1187"},"modified":"2022-07-21T02:10:14","modified_gmt":"2022-07-21T02:10:14","slug":"cge-informa-el-estatus-del-suministro-electrico-y-trabajos-de-reconstruccion-en-monte-patria","status":"publish","type":"post","link":"https:\/\/minutaregional.cl\/?p=1187","title":{"rendered":"CGE informa el estatus del suministro el\u00e9ctrico y trabajos de reconstrucci\u00f3n en Monte Patria"},"content":{"rendered":"<p>Coquimbo, Julio de 2022. CGE informa que debido al fuerte impacto del sistema frontal se mantienen 1.100 clientes de la comuna de Monte Patria sin suministro el\u00e9ctrico.<\/p>\n<p>Las lluvias y posterior nevaz\u00f3n que dej\u00f3 el sistema frontal dificultaron -en un primer momento- el acceso de las brigadas de la compa\u00f1\u00eda a los puntos de falla, ralentizando los trabajos de reposici\u00f3n del suministro, pese al amplio despliegue de recursos t\u00e9cnicos y humanos, que CGE ha realizado en la regi\u00f3n y el reforzamiento de sus sistemas de operaci\u00f3n.<\/p>\n<p>CGE ha desplegado brigadas en terreno para la reconstrucci\u00f3n de infraestructura destruida por la ca\u00edda de \u00e1rboles sobre las l\u00edneas y la activaci\u00f3n de quebradas. Asimismo, tambi\u00e9n ha dispuesto de generadores de respaldo para recuperar la energ\u00eda en algunos sectores mientras duren las labores de reposici\u00f3n.<\/p>\n<p>Las brigadas se encuentran actualmente trabajando en la recuperaci\u00f3n de los clientes ubicados en los tres principales valles de la mencionada comuna. En el valle de Rapel se espera normalizar los servicios en las localidades de Los Clonquis y Los Molles; mientras que en el valle de Mostazal en los d\u00edas previos se avanz\u00f3 hasta antes de Pedregal y se ten\u00eda planificado recuperar desde ese sector hasta Colliguay Alto. Finalmente, en el valle de Tulahu\u00e9n se restablecer\u00eda el servicio en el tramo Tulahu\u00e9n &#8211; Pejerreyes.<\/p>\n<p>La empresa agradece la comprensi\u00f3n de los clientes afectados por estas interrupciones de suministro producto del sistema frontal y les recuerda que, ante cualquier consulta o requerimiento respecto del servicio el\u00e9ctrico, mantiene abierto sus canales de contacto a trav\u00e9s del fono 800 800 767 y en su cuenta de Twitter @CGE_Clientes.<\/p>\n<p>&nbsp;<\/p>\n<p>&nbsp;<\/p>\n<p>&nbsp;<\/p>\n<p>&nbsp;<\/p>\n<p>&nbsp;<\/p>\n<p>&nbsp;<\/p>\n","protected":false},"excerpt":{"rendered":"<p>Coquimbo, Julio de 2022. CGE informa que debido al fuerte impacto del sistema frontal se mantienen 1.100 clientes de la comuna de Monte Patria sin suministro el\u00e9ctrico. Las lluvias y posterior nevaz\u00f3n que dej\u00f3 el sistema frontal dificultaron -en un primer momento- el acceso de las brigadas de la compa\u00f1\u00eda<\/p>\n","protected":false},"author":1,"featured_media":1188,"comment_status":"closed","ping_status":"open","sticky":false,"template":"","format":"standard","meta":{"footnotes":""},"categories":[49],"tags":[],"class_list":["post-1187","post","type-post","status-publish","format-standard","has-post-thumbnail","hentry","category-cge-distribucion-s-a"],"_links":{"self":[{"href":"https:\/\/minutaregional.cl\/index.php?rest_route=\/wp\/v2\/posts\/1187","targetHints":{"allow":["GET"]}}],"collection":[{"href":"https:\/\/minutaregional.cl\/index.php?rest_route=\/wp\/v2\/posts"}],"about":[{"href":"https:\/\/minutaregional.cl\/index.php?rest_route=\/wp\/v2\/types\/post"}],"author":[{"embeddable":true,"href":"https:\/\/minutaregional.cl\/index.php?rest_route=\/wp\/v2\/users\/1"}],"replies":[{"embeddable":true,"href":"https:\/\/minutaregional.cl\/index.php?rest_route=%2Fwp%2Fv2%2Fcomments&post=1187"}],"version-history":[{"count":1,"href":"https:\/\/minutaregional.cl\/index.php?rest_route=\/wp\/v2\/posts\/1187\/revisions"}],"predecessor-version":[{"id":1189,"href":"https:\/\/minutaregional.cl\/index.php?rest_route=\/wp\/v2\/posts\/1187\/revisions\/1189"}],"wp:featuredmedia":[{"embeddable":true,"href":"https:\/\/minutaregional.cl\/index.php?rest_route=\/wp\/v2\/media\/1188"}],"wp:attachment":[{"href":"https:\/\/minutaregional.cl\/index.php?rest_route=%2Fwp%2Fv2%2Fmedia&parent=1187"}],"wp:term":[{"taxonomy":"category","embeddable":true,"href":"https:\/\/minutaregional.cl\/index.php?rest_route=%2Fwp%2Fv2%2Fcategories&post=1187"},{"taxonomy":"post_tag","embeddable":true,"href":"https:\/\/minutaregional.cl\/index.php?rest_route=%2Fwp%2Fv2%2Ftags&post=1187"}],"curies":[{"name":"wp","href":"https:\/\/api.w.org\/{rel}","templated":true}]}}