{"id":1180,"date":"2022-07-14T06:00:14","date_gmt":"2022-07-14T06:00:14","guid":{"rendered":"https:\/\/minutaregional.cl\/?p=1180"},"modified":"2022-07-14T06:01:58","modified_gmt":"2022-07-14T06:01:58","slug":"mayor-porcentaje-de-rezagados-se-concentran-en-la-serena-coquimbo-y-ovalle","status":"publish","type":"post","link":"https:\/\/minutaregional.cl\/?p=1180","title":{"rendered":"Mayor porcentaje de rezagados se concentran en La Serena, Coquimbo y Ovalle"},"content":{"rendered":"<p>&gt;Adem\u00e1s, se informaron 2.383 casos activos de Coronavirus a nivel regional.<\/p>\n<p>En un nuevo balance sanitario, de la situaci\u00f3n regional del Covid_19, la Seremi de Salud Paola Salas, reiter\u00f3 el llamado a la poblaci\u00f3n a completar sus esquemas de vacunaci\u00f3n ante los m\u00e1s de 158 mil rezagados que presenta la regi\u00f3n.<\/p>\n<p>Ante esta situaci\u00f3n, la Seremi de Salud, indic\u00f3 que \u201ces importante reforzar la estrategia de vacunaci\u00f3n ya que, actualmente las comunas de La Serena, Coquimbo y Ovalle, presentan la mayor cantidad de rezagados, con un 31%,28% y 15%, respectivamente\u201d, se\u00f1al\u00f3.<\/p>\n<p>Conjuntamente, la Autoridad Sanitaria explic\u00f3 que existe un n\u00famero importante de personas que a\u00fan no han completado su esquema y dijo que \u201cla vacunaci\u00f3n es fundamental para estar mejor protegidos ante cuadros graves de Covid_19 y evitar una hospitalizaci\u00f3n\u201d.<\/p>\n<p>Finalmente, la Dra. Salas enfatiz\u00f3 en que,\u201d debemos llegar al 85% de vacunados con la cuarta dosis y actualmente s\u00f3lo alcanzamos el 68% a nivel regional, por ello reitero el llamado a acudir a cada uno de los 59 puntos disponibles a nivel regional para completar sus esquemas de vacunaci\u00f3n\u201d.<\/p>\n<p>Balance Sanitario.<\/p>\n<p>En el reporte sanitario de este 13 de julio, se notificaron 576 casos nuevos de Covid_19, los cuales corresponden: 166 a La Serena, 135 de Coquimbo, 10 de Andacollo, 3 de Paihuano, 8 de Vicu\u00f1a, 24 de Illapel, 5 de Canela, 2 de Los Vilos, 17 de Salamanca, 115 de Ovalle, 9 de Combarbal\u00e1, 28 de Monte Patria, 9 de Punitaqui, 1 de R\u00edo Hurtado, 10 de otra regi\u00f3n y 34 sin notificar. Con esto, la regi\u00f3n alcanza los 155.746 casos acumulados, con 2.383 casos activos.<\/p>\n<p>&nbsp;<\/p>\n<p>&nbsp;<\/p>\n<p>&nbsp;<\/p>\n<p>&nbsp;<\/p>\n<p>&nbsp;<\/p>\n<p>&nbsp;<\/p>\n","protected":false},"excerpt":{"rendered":"<p>&gt;Adem\u00e1s, se informaron 2.383 casos activos de Coronavirus a nivel regional. En un nuevo balance sanitario, de la situaci\u00f3n regional del Covid_19, la Seremi de Salud Paola Salas, reiter\u00f3 el llamado a la poblaci\u00f3n a completar sus esquemas de vacunaci\u00f3n ante los m\u00e1s de 158 mil rezagados que presenta la<\/p>\n","protected":false},"author":1,"featured_media":1181,"comment_status":"closed","ping_status":"open","sticky":false,"template":"","format":"standard","meta":{"footnotes":""},"categories":[1],"tags":[],"class_list":["post-1180","post","type-post","status-publish","format-standard","has-post-thumbnail","hentry","category-noticias-regionales"],"_links":{"self":[{"href":"https:\/\/minutaregional.cl\/index.php?rest_route=\/wp\/v2\/posts\/1180","targetHints":{"allow":["GET"]}}],"collection":[{"href":"https:\/\/minutaregional.cl\/index.php?rest_route=\/wp\/v2\/posts"}],"about":[{"href":"https:\/\/minutaregional.cl\/index.php?rest_route=\/wp\/v2\/types\/post"}],"author":[{"embeddable":true,"href":"https:\/\/minutaregional.cl\/index.php?rest_route=\/wp\/v2\/users\/1"}],"replies":[{"embeddable":true,"href":"https:\/\/minutaregional.cl\/index.php?rest_route=%2Fwp%2Fv2%2Fcomments&post=1180"}],"version-history":[{"count":1,"href":"https:\/\/minutaregional.cl\/index.php?rest_route=\/wp\/v2\/posts\/1180\/revisions"}],"predecessor-version":[{"id":1182,"href":"https:\/\/minutaregional.cl\/index.php?rest_route=\/wp\/v2\/posts\/1180\/revisions\/1182"}],"wp:featuredmedia":[{"embeddable":true,"href":"https:\/\/minutaregional.cl\/index.php?rest_route=\/wp\/v2\/media\/1181"}],"wp:attachment":[{"href":"https:\/\/minutaregional.cl\/index.php?rest_route=%2Fwp%2Fv2%2Fmedia&parent=1180"}],"wp:term":[{"taxonomy":"category","embeddable":true,"href":"https:\/\/minutaregional.cl\/index.php?rest_route=%2Fwp%2Fv2%2Fcategories&post=1180"},{"taxonomy":"post_tag","embeddable":true,"href":"https:\/\/minutaregional.cl\/index.php?rest_route=%2Fwp%2Fv2%2Ftags&post=1180"}],"curies":[{"name":"wp","href":"https:\/\/api.w.org\/{rel}","templated":true}]}}