{"id":1172,"date":"2022-07-12T18:31:11","date_gmt":"2022-07-12T18:31:11","guid":{"rendered":"https:\/\/minutaregional.cl\/?p=1172"},"modified":"2022-07-12T18:43:41","modified_gmt":"2022-07-12T18:43:41","slug":"preocupacion-por-altas-cifras-de-casos-activos-en-la-region","status":"publish","type":"post","link":"https:\/\/minutaregional.cl\/?p=1172","title":{"rendered":"Preocupaci\u00f3n por Altas Cifras de Casos Activos en la Regi\u00f3n"},"content":{"rendered":"<audio class=\"wp-audio-shortcode\" id=\"audio-1172-1\" preload=\"none\" style=\"width: 100%;\" controls=\"controls\"><source type=\"audio\/mpeg\" src=\"https:\/\/minutaregional.cl\/wp-content\/uploads\/2022\/07\/Cuna-Seremi-de-Salud.mp3?_=1\" \/><a href=\"https:\/\/minutaregional.cl\/wp-content\/uploads\/2022\/07\/Cuna-Seremi-de-Salud.mp3\">https:\/\/minutaregional.cl\/wp-content\/uploads\/2022\/07\/Cuna-Seremi-de-Salud.mp3<\/a><\/audio>\n<blockquote><p>AUDIO : Seremi Salud<\/p><\/blockquote>\n<ul>\n<li>Por su parte, se informaron 330 casos nuevos de la enfermedad<\/li>\n<\/ul>\n<p>En un nuevo reporte sanitario, la Seremi de Salud, Paola Salas, explic\u00f3 la realidad epidemiol\u00f3gica que vive actualmente la regi\u00f3n de Coquimbo.<\/p>\n<p>Ante esto, la Autoridad Sanitaria se\u00f1al\u00f3 que \u201cel n\u00famero de casos activos es otro indicador que refleja tambi\u00e9n la cantidad de personas enfermas que est\u00e1n transitando en la regi\u00f3n\u201d. Paralelamente, la Dra. Salas, ratific\u00f3 que \u201cesta circulaci\u00f3n del virus con la vacunaci\u00f3n, aislamiento de los positivos y no concurrir a lugares con aglomeraciones, es la \u00fanica forma de estancar la pandemia, de lo contrario, si el comportamiento de la poblaci\u00f3n sigue igual, va a continuar el promedio de 600 o m\u00e1s casos diarios\u201d, manifest\u00f3.<\/p>\n<p>A su vez, la Seremi dijo que \u201cla positividad m\u00e1s alta indica que se est\u00e1n llenando las urgencias de la atenci\u00f3n primaria. Esto, va generando que los Cesfam tengan que atender bajo presi\u00f3n, adem\u00e1s, repercute en las horas de espera\u201d, insisti\u00f3.<\/p>\n<p>\u201cLa positividad que alcanzamos, no es alentadora, est\u00e1 reflejando que la poblaci\u00f3n no se realiza el examen de testeo, los positivos no se est\u00e1n quedando en sus hogares, es un c\u00edrculo vicioso\u201d, afirm\u00f3 la Autoridad.<\/p>\n<p>De este modo, la Dra. explic\u00f3 la situaci\u00f3n frente al organismo internacional con respecto a la enfermedad, indicando que \u201cla OMS (Organizaci\u00f3n Mundial de la Salud) menciona que la positividad \u00f3ptima no deber\u00eda pasa del 5% y nos encontramos arriba del 20%, un muy m, que nos dice c\u00f3mo nos estamos cuidando y comportando en la regi\u00f3n con el virus\u201d, declar\u00f3.<\/p>\n<p>Finalmente, la Seremi de Salud, comunic\u00f3 que \u201csin duda, que la poblaci\u00f3n no se vacune o no haya completado su esquema, repercute en el alza de casos que hasta hoy no descienden\u201d, culmin\u00f3.<\/p>\n<p>Balance Sanitario.<\/p>\n<p>En el reporte sanitario de este 12 de julio, se notificaron 330 casos nuevos de Covid_19, los cuales corresponden: 113 a La Serena, 102 de Coquimbo, 3 de Andacollo, 4 de La Higuera, 11 de Vicu\u00f1a, 5 de Illapel, 5 de Los Vilos, 3 de Salamanca, 43 de Ovalle, 6 de Combarbal\u00e1, 3 de Monte Patria, 8 de Punitaqui, 1 de R\u00edo Hurtado, 3 de otra regi\u00f3n y 20 sin notificar. Con esto, la regi\u00f3n alcanza los 155.168 casos acumulados, con 2.571 casos activos.<\/p>\n<p>&nbsp;<\/p>\n<p>&nbsp;<\/p>\n<p>&nbsp;<\/p>\n<p>&nbsp;<\/p>\n<p>&nbsp;<\/p>\n<p>&nbsp;<\/p>\n<p>&nbsp;<\/p>\n<p>&nbsp;<\/p>\n<p>&nbsp;<\/p>\n<p>&nbsp;<\/p>\n<p>&nbsp;<\/p>\n<p>&nbsp;<\/p>\n<p>&nbsp;<\/p>\n<p>&nbsp;<\/p>\n<p>&nbsp;<\/p>\n<p>&nbsp;<\/p>\n<p>&nbsp;<\/p>\n<p>&nbsp;<\/p>\n<p>&nbsp;<\/p>\n<p>&nbsp;<\/p>\n<p>&nbsp;<\/p>\n<p>&nbsp;<\/p>\n","protected":false},"excerpt":{"rendered":"<p>AUDIO : Seremi Salud Por su parte, se informaron 330 casos nuevos de la enfermedad En un nuevo reporte sanitario, la Seremi de Salud, Paola Salas, explic\u00f3 la realidad epidemiol\u00f3gica que vive actualmente la regi\u00f3n de Coquimbo. Ante esto, la Autoridad Sanitaria se\u00f1al\u00f3 que \u201cel n\u00famero de casos activos es<\/p>\n","protected":false},"author":1,"featured_media":1173,"comment_status":"closed","ping_status":"open","sticky":false,"template":"","format":"standard","meta":{"footnotes":""},"categories":[1],"tags":[],"class_list":["post-1172","post","type-post","status-publish","format-standard","has-post-thumbnail","hentry","category-noticias-regionales"],"_links":{"self":[{"href":"https:\/\/minutaregional.cl\/index.php?rest_route=\/wp\/v2\/posts\/1172","targetHints":{"allow":["GET"]}}],"collection":[{"href":"https:\/\/minutaregional.cl\/index.php?rest_route=\/wp\/v2\/posts"}],"about":[{"href":"https:\/\/minutaregional.cl\/index.php?rest_route=\/wp\/v2\/types\/post"}],"author":[{"embeddable":true,"href":"https:\/\/minutaregional.cl\/index.php?rest_route=\/wp\/v2\/users\/1"}],"replies":[{"embeddable":true,"href":"https:\/\/minutaregional.cl\/index.php?rest_route=%2Fwp%2Fv2%2Fcomments&post=1172"}],"version-history":[{"count":4,"href":"https:\/\/minutaregional.cl\/index.php?rest_route=\/wp\/v2\/posts\/1172\/revisions"}],"predecessor-version":[{"id":1179,"href":"https:\/\/minutaregional.cl\/index.php?rest_route=\/wp\/v2\/posts\/1172\/revisions\/1179"}],"wp:featuredmedia":[{"embeddable":true,"href":"https:\/\/minutaregional.cl\/index.php?rest_route=\/wp\/v2\/media\/1173"}],"wp:attachment":[{"href":"https:\/\/minutaregional.cl\/index.php?rest_route=%2Fwp%2Fv2%2Fmedia&parent=1172"}],"wp:term":[{"taxonomy":"category","embeddable":true,"href":"https:\/\/minutaregional.cl\/index.php?rest_route=%2Fwp%2Fv2%2Fcategories&post=1172"},{"taxonomy":"post_tag","embeddable":true,"href":"https:\/\/minutaregional.cl\/index.php?rest_route=%2Fwp%2Fv2%2Ftags&post=1172"}],"curies":[{"name":"wp","href":"https:\/\/api.w.org\/{rel}","templated":true}]}}