{"id":1163,"date":"2022-07-06T00:44:51","date_gmt":"2022-07-06T00:44:51","guid":{"rendered":"https:\/\/minutaregional.cl\/?p=1163"},"modified":"2022-07-06T00:44:51","modified_gmt":"2022-07-06T00:44:51","slug":"53-de-reservas-en-la-primera-quincena-de-julio-turistas-se-concentran-en-la-serena-y-coquimbo-y-autoridades-piden-reforzar-cuidados-sanitarios","status":"publish","type":"post","link":"https:\/\/minutaregional.cl\/?p=1163","title":{"rendered":"53% de Reservas en la Primera Quincena de Julio: Turistas se Concentran en La Serena y Coquimbo, y Autoridades Piden Reforzar Cuidados Sanitarios"},"content":{"rendered":"<p>Otros destinos preferidos por los visitantes son el valle de Limar\u00ed y los sectores costeros de Los Vilos, Pichidangui y Punta de Choros. Rubro, severamente golpeado por la pandemia, tiene altas expectativas de aprovechar estos d\u00edas para reactivarse, pero respetando los protocolos para resguardar la salud de la poblaci\u00f3n y los trabajadores del sector.<\/p>\n<p>\u201cInvitamos a toda la ciudadan\u00eda a visitar la regi\u00f3n de Coquimbo y poder potenciar este rubro (turismo) que en pandemia se vio da\u00f1ado, afectando a la econom\u00eda regional\u201d.<\/p>\n<p>Son las palabras de la Gobernadora Regional Krist Naranjo, quien junto al Delegado Presidencial, Rub\u00e9n Quezada y los alcaldes de La Serena, Roberto Jacob, y Coquimbo, Al\u00ed Manouchehri, encabezaron el lanzamiento de la alta temporada por vacaciones de invierno, periodo que -de acuerdo a datos de Sernatur- tiene un 53% de reservas a nivel regional para la primera quincena de julio, con alta demanda en las comunas de la conurbaci\u00f3n, el valle de Elqui y Limar\u00ed, los balnearios de Pichidangui, Los Vilos y Punta de Choros, entre otros destinos.<\/p>\n<p>Se estima que 305.767 viajes se realizar\u00e1n a la zona durante estos d\u00edas, que se concentrar\u00e1n especialmente en la capital regional y la ciudad-puerto (53,4%). Y es que, junto a las mayores expectativas de los gremios, las autoridades pidieron adem\u00e1s reforzar el autocuidado sanitario, resaltando que potenciar\u00e1n tambi\u00e9n la seguridad y controles en puntos de tr\u00e1nsito y afluencia de personas.<\/p>\n<p>\u201cEl llamado es a disfrutar todas las bondades de nuestra regi\u00f3n, y hacerlo de manera responsable. Vamos a fortalecer el Plan Ruta Segura con la presencia de Carabineros en los caminos, puntos de control y lugares de alta accidentabilidad. Hemos destinado mayor contingente policial en \u00e1reas donde hay aumento de delitos\u201d, dijo el Delegado Presidencial, Rub\u00e9n Quezada, qui\u00e9n inst\u00f3 en preferir los servicios del \u201cturismo l\u00edcito\u201d, es decir aquellos lugares establecidos.<\/p>\n<p>El Alcalde de Coquimbo, Al\u00ed Manouchehri, asegur\u00f3 que en este periodo mantendr\u00e1 la limpieza y espacios en \u00f3ptimas condiciones para seguir \u201cposicion\u00e1ndonos a nivel regional y comunal como uno de los m\u00e1s privilegiados de nuestro pa\u00eds\u201d. \u201cEsto es turismo regional. La gente que viene a Coquimbo y a La Serena, se van al valle de Elqui, disfrutan del turismo astron\u00f3mico, la Cruz del Tercer Mileno, el Faro Monumental de La Serena, y les falta tiempo a los turistas, y si los tratamos de la mejor manera se convertir\u00e1n en agentes de promoci\u00f3n de nuestros destinos\u201d, agreg\u00f3 el jefe comunal Roberto Jacob.<\/p>\n<p>Mar\u00eda Antonieta Z\u00fa\u00f1iga, gerenta de Barrio del Mar, mencion\u00f3 que, desde la extensi\u00f3n de estas vacaciones de invierno, intensificaron las medidas preventivas, con objeto de invitar a los turistas a relajarse y disfrutar de los productos en estas vacaciones. \u201cLas expectativas son bastante altas. Estamos muy contentos y hemos tenido una alta presencia de personas durante estos d\u00edas a los locales y disfrutando del sector costero\u201d, sentenci\u00f3.<\/p>\n<p>Vacaciones, pero con seguridad sanitaria<\/p>\n<p>Paola Salas, Seremi de salud en Coquimbo, sostuvo que, si bien existe una curva alta de contagios, promover un hito que apoya al turismo debe mantenerse con responsabilidad social. \u201cTransmito el mensaje de confianza a nuestra comunidad, que todos usen la mascarilla en forma correcta, excepto en los espacios abiertos como la playa y avenidas. Segundo, el lavado de manos con agua y jab\u00f3n por 40 segundos, especialmente antes de comer, incluido en los restaurantes; mantener las ventilaciones en los lugares, por ejemplo, cine o malls; intentar y estar m\u00e1s al aire libre\u201d, precis\u00f3.<\/p>\n<p>\u201cEl turismo tenemos que reactivarlo entre todos. Nuestra regi\u00f3n es un ejemplo de buena disciplina en el buen cuidado de la salud. Solo nos queda vacunar a los rezagados\u201d, finaliz\u00f3.<\/p>\n<p>&nbsp;<\/p>\n","protected":false},"excerpt":{"rendered":"<p>Otros destinos preferidos por los visitantes son el valle de Limar\u00ed y los sectores costeros de Los Vilos, Pichidangui y Punta de Choros. Rubro, severamente golpeado por la pandemia, tiene altas expectativas de aprovechar estos d\u00edas para reactivarse, pero respetando los protocolos para resguardar la salud de la poblaci\u00f3n y<\/p>\n","protected":false},"author":1,"featured_media":1164,"comment_status":"closed","ping_status":"open","sticky":false,"template":"","format":"standard","meta":{"footnotes":""},"categories":[36],"tags":[],"class_list":["post-1163","post","type-post","status-publish","format-standard","has-post-thumbnail","hentry","category-dppcoquimbo"],"_links":{"self":[{"href":"https:\/\/minutaregional.cl\/index.php?rest_route=\/wp\/v2\/posts\/1163","targetHints":{"allow":["GET"]}}],"collection":[{"href":"https:\/\/minutaregional.cl\/index.php?rest_route=\/wp\/v2\/posts"}],"about":[{"href":"https:\/\/minutaregional.cl\/index.php?rest_route=\/wp\/v2\/types\/post"}],"author":[{"embeddable":true,"href":"https:\/\/minutaregional.cl\/index.php?rest_route=\/wp\/v2\/users\/1"}],"replies":[{"embeddable":true,"href":"https:\/\/minutaregional.cl\/index.php?rest_route=%2Fwp%2Fv2%2Fcomments&post=1163"}],"version-history":[{"count":1,"href":"https:\/\/minutaregional.cl\/index.php?rest_route=\/wp\/v2\/posts\/1163\/revisions"}],"predecessor-version":[{"id":1165,"href":"https:\/\/minutaregional.cl\/index.php?rest_route=\/wp\/v2\/posts\/1163\/revisions\/1165"}],"wp:featuredmedia":[{"embeddable":true,"href":"https:\/\/minutaregional.cl\/index.php?rest_route=\/wp\/v2\/media\/1164"}],"wp:attachment":[{"href":"https:\/\/minutaregional.cl\/index.php?rest_route=%2Fwp%2Fv2%2Fmedia&parent=1163"}],"wp:term":[{"taxonomy":"category","embeddable":true,"href":"https:\/\/minutaregional.cl\/index.php?rest_route=%2Fwp%2Fv2%2Fcategories&post=1163"},{"taxonomy":"post_tag","embeddable":true,"href":"https:\/\/minutaregional.cl\/index.php?rest_route=%2Fwp%2Fv2%2Ftags&post=1163"}],"curies":[{"name":"wp","href":"https:\/\/api.w.org\/{rel}","templated":true}]}}