{"id":1157,"date":"2022-07-02T03:50:39","date_gmt":"2022-07-02T03:50:39","guid":{"rendered":"https:\/\/minutaregional.cl\/?p=1157"},"modified":"2022-07-02T03:50:39","modified_gmt":"2022-07-02T03:50:39","slug":"presidencia-y-secretaria-de-la-comision-de-dialogo-politico-son-asumidos-por-consejeros-regionales-de-coquimbo","status":"publish","type":"post","link":"https:\/\/minutaregional.cl\/?p=1157","title":{"rendered":"Presidencia y Secretar\u00eda de la Comisi\u00f3n de Di\u00e1logo Pol\u00edtico son Asumidos por Consejeros Regionales de Coquimbo"},"content":{"rendered":"<p style=\"text-align: justify;\">Durante un a\u00f1o los consejeros Wladimir Pleticosic y Tatiana Castillo asumir\u00e1n como presidente y secretaria, respectivamente, de esta instancia de trabajo binacional, cuyo objetivo es fortalecer la integraci\u00f3n entre la regi\u00f3n de Coquimbo y San Juan.<\/p>\n<p style=\"text-align: justify;\">Como parte de los compromisos adquiridos a trav\u00e9s del Tratado de Maip\u00fa de Integraci\u00f3n y Cooperaci\u00f3n entre la Rep\u00fablica de Chile y la Rep\u00fablica de Argentina, que en su art\u00edculo 19 instaura la constituci\u00f3n de comisiones de di\u00e1logo pol\u00edtico entre legisladores provinciales y consejeros regionales, esta semana se renov\u00f3 la directiva del Comit\u00e9 de Di\u00e1logo Pol\u00edtico entre la regi\u00f3n de Coquimbo y la provincia de San Juan.<\/p>\n<p style=\"text-align: justify;\">En este acto, deja la presidencia y se convierte en vicepresidente de la instancia el diputado de San Juan, Juan Carlos Abarca, quien se\u00f1al\u00f3 que \u201choy le damos la bienvenida al consejero Wladimir Pleticosic. Es una buena tarea la que nos queda para desarrollar de aqu\u00ed en adelante, para lo que contar\u00e1 con todo nuestro apoyo, porque siempre estamos al servicio de la comunidad y en busca del bien com\u00fan\u201d.<\/p>\n<p style=\"text-align: justify;\">Durante el encuentro, adem\u00e1s se hizo un cambio en el reglamento de funcionamiento, ampliando en un miembro m\u00e1s la participaci\u00f3n por parte de cada pa\u00eds, con el fin de aportar mayor participaci\u00f3n y transparencia a la comisi\u00f3n.<\/p>\n<p style=\"text-align: justify;\">Para el consejero regional, y nuevo presidente de la Comisi\u00f3n de Di\u00e1logo Pol\u00edtico, Wladimir Pleticosic, \u201cesta situaci\u00f3n nos llena de orgullo y tambi\u00e9n nos plantea un desaf\u00edo enorme de poder llevar adelante una agenda de integraci\u00f3n potente, que permita llevar progreso y desarrollo a ambos territorios. Estamos viviendo un per\u00edodo de post pandemia que nos demanda poder incorporar elementos que nos permita poder sacar adelante a nuestra gente, y ese es el sentido en el que vamos a trabajar, partiendo de la base del trabajo de la comisi\u00f3n anterior y del de los consejeros, que ha catalogado este territorio binacional como un territorio solidario y tecnol\u00f3gico\u201d.<\/p>\n<p style=\"text-align: justify;\">Por su parte, la consejera regional, y nueva secretaria de esta instancia, Tatiana Castillo, agreg\u00f3 que \u201cesto ratifica el trabajo anteriormente realizado con el fin de lograr un trabajo colaborativo en temas relevantes para ambos territorios. Por ejemplo, San Juan ya solucion\u00f3 el tema de la basura, mientras nosotros aspiramos a eso; pero por otra parte nosotros tenemos otras soluciones de temas cr\u00edticos para ellos y vamos a poder intercambiar y apoyarnos.<\/p>\n<p style=\"text-align: justify;\">La consejera destac\u00f3 la importancia de sacar adelante la iniciativa T\u00fanel de Agua negra o finalizar la pavimentaci\u00f3n de la ruta, pues esto \u201cabrir\u00eda las puertas entre ambos pa\u00edses, entre los que compartimos muchas riquezas, historias y familias que est\u00e1n unidas entre ambas regiones\u201d.<\/p>\n<p style=\"text-align: justify;\">Una visita a San juan que se realiza como parte del trabajo de la comisi\u00f3n de Relaciones Internacionales del Consejo Regional, en el que adem\u00e1s de lo relacionado con la Comisi\u00f3n de Di\u00e1logo Pol\u00edtico propiamente tal, los consejeros y consejera participar\u00e1n en el seminario de aniversario del Instituto nacional de Tecnolog\u00eda Industrial (INTI), realizar\u00e1n visitas tecnol\u00f3gicas, y sostendr\u00e1n reuniones de trabajo con autoridades provinciales.<\/p>\n<p style=\"text-align: justify;\">El consejero Marcelo Castagneto, presidente de la comisi\u00f3n de relaciones Internacionales, detall\u00f3 que \u201choy tenemos una nueva mirada dentro del Consejo Regional, y dentro de esta comisi\u00f3n que hoy se conforma con una nueva directiva, de empezar con temas que no se hab\u00edan abordado anteriormente, como es la transferencia tecnol\u00f3gica que se va a firmar este viernes en conjunto con el INTI. Varios temas que se pusieron en la discusi\u00f3n, lo que es muy relevante para no solo enfocarnos en el Paso de Agua negra, sino que tambi\u00e9n en \u00e1reas muy importantes para el desarrollo humano, empresarial, de educaci\u00f3n, infraestructura y de trabajo en la regi\u00f3n\u201d.<\/p>\n<p style=\"text-align: justify;\">Finalmente, el alcalde de Vicu\u00f1a, Rafael Vera, quien particip\u00f3 de la comisi\u00f3n de di\u00e1logo pol\u00edtico destac\u00f3 la importancia de la instancia y de las decisiones tomadas en esta mesa, pues \u201ctenemos que trabajar unidos para hacer de esta provincia y de nuestra regi\u00f3n una macrozona de trabajo de integraci\u00f3n vinculado a distintos temas, no solo al T\u00fanel de Agua Negra que, pese a ser el m\u00e1s relevante, la integraci\u00f3n es mucho m\u00e1s que eso\u201d.<\/p>\n<p style=\"text-align: justify;\">Doce a\u00f1os est\u00e1 cumpliendo este a\u00f1o la Comisi\u00f3n de Di\u00e1logo Pol\u00edtico entre ambos territorios, punto de partida para una serie de actividades al otro lado de la cordillera, a trav\u00e9s de las que se avanzar\u00e1 hacia la consolidaci\u00f3n del \u201cTerritorio Tecnol\u00f3gico Paso de Agua Negra\u201d. Adem\u00e1s, se realizar\u00e1n gestiones para organizar un trabajo conjunto entre mujeres pol\u00edticas de ambos territorios, con el fin de fortalecer el rol femenino en el desarrollo regional.<\/p>\n","protected":false},"excerpt":{"rendered":"<p>Durante un a\u00f1o los consejeros Wladimir Pleticosic y Tatiana Castillo asumir\u00e1n como presidente y secretaria, respectivamente, de esta instancia de trabajo binacional, cuyo objetivo es fortalecer la integraci\u00f3n entre la regi\u00f3n de Coquimbo y San Juan. Como parte de los compromisos adquiridos a trav\u00e9s del Tratado de Maip\u00fa de Integraci\u00f3n<\/p>\n","protected":false},"author":1,"featured_media":1158,"comment_status":"closed","ping_status":"open","sticky":false,"template":"","format":"standard","meta":{"footnotes":""},"categories":[6],"tags":[],"class_list":["post-1157","post","type-post","status-publish","format-standard","has-post-thumbnail","hentry","category-gorecoquimbo"],"_links":{"self":[{"href":"https:\/\/minutaregional.cl\/index.php?rest_route=\/wp\/v2\/posts\/1157","targetHints":{"allow":["GET"]}}],"collection":[{"href":"https:\/\/minutaregional.cl\/index.php?rest_route=\/wp\/v2\/posts"}],"about":[{"href":"https:\/\/minutaregional.cl\/index.php?rest_route=\/wp\/v2\/types\/post"}],"author":[{"embeddable":true,"href":"https:\/\/minutaregional.cl\/index.php?rest_route=\/wp\/v2\/users\/1"}],"replies":[{"embeddable":true,"href":"https:\/\/minutaregional.cl\/index.php?rest_route=%2Fwp%2Fv2%2Fcomments&post=1157"}],"version-history":[{"count":1,"href":"https:\/\/minutaregional.cl\/index.php?rest_route=\/wp\/v2\/posts\/1157\/revisions"}],"predecessor-version":[{"id":1159,"href":"https:\/\/minutaregional.cl\/index.php?rest_route=\/wp\/v2\/posts\/1157\/revisions\/1159"}],"wp:featuredmedia":[{"embeddable":true,"href":"https:\/\/minutaregional.cl\/index.php?rest_route=\/wp\/v2\/media\/1158"}],"wp:attachment":[{"href":"https:\/\/minutaregional.cl\/index.php?rest_route=%2Fwp%2Fv2%2Fmedia&parent=1157"}],"wp:term":[{"taxonomy":"category","embeddable":true,"href":"https:\/\/minutaregional.cl\/index.php?rest_route=%2Fwp%2Fv2%2Fcategories&post=1157"},{"taxonomy":"post_tag","embeddable":true,"href":"https:\/\/minutaregional.cl\/index.php?rest_route=%2Fwp%2Fv2%2Ftags&post=1157"}],"curies":[{"name":"wp","href":"https:\/\/api.w.org\/{rel}","templated":true}]}}