{"id":1154,"date":"2022-07-02T03:35:54","date_gmt":"2022-07-02T03:35:54","guid":{"rendered":"https:\/\/minutaregional.cl\/?p=1154"},"modified":"2022-07-02T03:35:54","modified_gmt":"2022-07-02T03:35:54","slug":"diputado-manouchehri-por-reforma-tributaria-el-ministro-marcel-da-garantias-a-chile","status":"publish","type":"post","link":"https:\/\/minutaregional.cl\/?p=1154","title":{"rendered":"Diputado Manouchehri por Reforma Tributaria: \u201cEl ministro Marcel da garant\u00edas a Chile\u00bb"},"content":{"rendered":"<p style=\"text-align: justify;\">El ministro de Hacienda Mario Marcel present\u00f3 en el Palacio de La Moneda el proyecto de Reforma Tributaria impulsado por el gobierno de Gabriel Boric. La iniciativa, que ingresar\u00e1 el lunes 4 de julio al Congreso Nacional, busca generar recursos para financiar diversas reformas estructurales contempladas en el programa de gobierno, la ampliaci\u00f3n de derechos sociales y la diversificaci\u00f3n productiva del pa\u00eds<\/p>\n<p style=\"text-align: justify;\">El diputado Daniel Manouchehri, presidente de la Comisi\u00f3n de Econom\u00eda de la C\u00e1mara de Diputadas y Diputados, valor\u00f3 la presentaci\u00f3n de la Reforma Tributaria. \u201cEl ministro Marcel ha presentado una propuesta seria y contundente, que va a permitir recaudar los recursos para financiar derechos sociales, reforzar la salud, subir las pensiones, construir viviendas, luchar contra la delincuencia, construir obras y reactivar la econom\u00eda. Pensando en las Pymes, no afectando al 97% de las personas, con un Royalty serio, con beneficios a la clase media, y pensando en que los recursos retornen a las regiones\u201d, destac\u00f3<\/p>\n<p style=\"text-align: justify;\">En esta l\u00ednea, el representante de la Regi\u00f3n de Coquimbo agreg\u00f3 que \u201cesta reforma nos pone en el nivel de la OCDE. No podemos pretender tener derechos de pa\u00eds n\u00f3rdico con impuestos de pa\u00eds de \u00c1frica subsahariana. La Reforma promueve que aporten m\u00e1s quienes m\u00e1s tienen, as\u00ed como reducir la evasi\u00f3n y elusi\u00f3n de impuestos, de tal modo que cada uno contribuya lo que le corresponda. Tenemos un ministro de Hacienda que da garant\u00edas a Chile\u201d, indic\u00f3 Manouchehri.<\/p>\n","protected":false},"excerpt":{"rendered":"<p>El ministro de Hacienda Mario Marcel present\u00f3 en el Palacio de La Moneda el proyecto de Reforma Tributaria impulsado por el gobierno de Gabriel Boric. La iniciativa, que ingresar\u00e1 el lunes 4 de julio al Congreso Nacional, busca generar recursos para financiar diversas reformas estructurales contempladas en el programa de<\/p>\n","protected":false},"author":1,"featured_media":1155,"comment_status":"closed","ping_status":"open","sticky":false,"template":"","format":"standard","meta":{"footnotes":""},"categories":[26],"tags":[],"class_list":["post-1154","post","type-post","status-publish","format-standard","has-post-thumbnail","hentry","category-camara-de-diputadas-y-diputados"],"_links":{"self":[{"href":"https:\/\/minutaregional.cl\/index.php?rest_route=\/wp\/v2\/posts\/1154","targetHints":{"allow":["GET"]}}],"collection":[{"href":"https:\/\/minutaregional.cl\/index.php?rest_route=\/wp\/v2\/posts"}],"about":[{"href":"https:\/\/minutaregional.cl\/index.php?rest_route=\/wp\/v2\/types\/post"}],"author":[{"embeddable":true,"href":"https:\/\/minutaregional.cl\/index.php?rest_route=\/wp\/v2\/users\/1"}],"replies":[{"embeddable":true,"href":"https:\/\/minutaregional.cl\/index.php?rest_route=%2Fwp%2Fv2%2Fcomments&post=1154"}],"version-history":[{"count":1,"href":"https:\/\/minutaregional.cl\/index.php?rest_route=\/wp\/v2\/posts\/1154\/revisions"}],"predecessor-version":[{"id":1156,"href":"https:\/\/minutaregional.cl\/index.php?rest_route=\/wp\/v2\/posts\/1154\/revisions\/1156"}],"wp:featuredmedia":[{"embeddable":true,"href":"https:\/\/minutaregional.cl\/index.php?rest_route=\/wp\/v2\/media\/1155"}],"wp:attachment":[{"href":"https:\/\/minutaregional.cl\/index.php?rest_route=%2Fwp%2Fv2%2Fmedia&parent=1154"}],"wp:term":[{"taxonomy":"category","embeddable":true,"href":"https:\/\/minutaregional.cl\/index.php?rest_route=%2Fwp%2Fv2%2Fcategories&post=1154"},{"taxonomy":"post_tag","embeddable":true,"href":"https:\/\/minutaregional.cl\/index.php?rest_route=%2Fwp%2Fv2%2Ftags&post=1154"}],"curies":[{"name":"wp","href":"https:\/\/api.w.org\/{rel}","templated":true}]}}