{"id":1151,"date":"2022-07-02T03:19:17","date_gmt":"2022-07-02T03:19:17","guid":{"rendered":"https:\/\/minutaregional.cl\/?p=1151"},"modified":"2022-07-02T03:19:17","modified_gmt":"2022-07-02T03:19:17","slug":"masiva-cuenta-publica-abierta-al-publico-se-llevo-a-cabo-en-la-ciudad-de-illapel-mostrando-las-gestiones-realizadas-por-la-actual-administracion-municipal","status":"publish","type":"post","link":"https:\/\/minutaregional.cl\/?p=1151","title":{"rendered":"MASIVA CUENTA P\u00daBLICA ABIERTA AL P\u00daBLICO SE LLEV\u00d3 A CABO EN LA CIUDAD DE ILLAPEL MOSTRANDO LAS GESTIONES REALIZADAS POR LA ACTUAL ADMINISTRACI\u00d3N MUNICIPAL"},"content":{"rendered":"<p style=\"text-align: justify;\">Multitudinaria cuenta p\u00fablica 2021 se llev\u00f3 a cabo este jueves 30 de junio en la Plaza de Armas de la ciudad de Illapel, un evento organizado por el municipio para dar a conocer las gestiones que se han llevado a cabo desde que asumi\u00f3, hace un a\u00f1o, la actual administraci\u00f3n municipal. El acto cont\u00f3 con la presencia de parlamentarios, consejeros regionales de la provincia del Choapa, delegada presidencial provincial, concejales, representantes de instituciones de seguridad ciudadana como PDI y carabineros, dirigentes de distintos sectores de la comuna, vecinos de zonas rurales y urbanas, directores de departamentos, equipos municipales y el alcalde de la comuna, Denis Cort\u00e9s Aguilera, que fue quien lider\u00f3 la exposici\u00f3n.<\/p>\n<p style=\"text-align: justify;\">La iniciativa de llevar a cabo esta ceremonia en un lugar abierto a la comunidad, tiene que ver con el sentido de la administraci\u00f3n, de generar una ciudad colaborativa, transparente y comunitaria. Al respecto, al final el discurso, el alcalde mencion\u00f3 \u201cestamos contentos, emocionados, porque en nuestro primer a\u00f1o de gesti\u00f3n nos comprometimos con los vecinos en hacer una cuenta p\u00fablica cuando cumpli\u00e9ramos un a\u00f1o. Tener esta plaza, llena de gente, repleta, adem\u00e1s hace mucho fr\u00edo y la gente se qued\u00f3. Agradecido, yo creo que el compromiso se redobla, se triplica y tambi\u00e9n uno queda impresionado porque va hablando y analizando, y no dejan de ser hartas cosas de las que juntos hemos hecho, as\u00ed que contento y agradecido de todos los colegas de la municipalidad, obviamente de los dirigentes que nos acompa\u00f1aron, de los Core, de todos\u201d.<\/p>\n<p style=\"text-align: justify;\">Sobre el acto c\u00edvico, que abord\u00f3 tem\u00e1ticas de medio ambiente, seguridad, fiscalizaci\u00f3n, equidad de g\u00e9nero, sequ\u00eda, vivienda, salud, deporte, comunidad, cumplimiento de compromisos, programa alcalde en terreno, futuros proyectos de infraestructura, reestructuraci\u00f3n de departamentos, nuevos oficinas y espacios para los illapelinos, entre otras cosas. En este sentido, Mario Pinto, vecino de la comuna coment\u00f3 que \u201cla verdad que en este a\u00f1o se ha demostrado que no s\u00f3lo han estado a la altura de las circunstancias, sino que adem\u00e1s, han podido fortalecer el municipio, acercar los servicios a la comunidad y toda esta creaci\u00f3n de nuevas unidades van a hacer de Illapel una ciudad mucho mejor \u201d, y por su parte, Mar\u00eda Ang\u00e9lica General agreg\u00f3 \u201ccreo que fue muy claro y feliz de todo lo que podemos crecer como comuna de Illapel, muy agradecida de esta primera gesti\u00f3n p\u00fablica\u201d.<\/p>\n<p style=\"text-align: justify;\">Por su parte, las autoridades se llevaron una grata sorpresa con el formato de la cuenta p\u00fablica y el elevado n\u00famero de asistentes, as\u00ed lo se\u00f1alaron dos consejeros regionales que estuvieron presentes en la celebraci\u00f3n. Por una parte, Darwin Ibacache destac\u00f3 que \u201cen realidad que se haga una cuenta p\u00fablica en la plaza es un hito de transparencia importante de participaci\u00f3n, as\u00ed que lo primero es eso, muy llamativo, muy bonito, result\u00f3 a la perfecci\u00f3n y lo otro, felicitar al alcalde, a su equipo, al concejo, a todos por el gran trabajo que est\u00e1n desarrollando como municipio en una \u00e9poca que es compleja\u201d, desde otra perspectiva, el consejero Juan Barraza dijo \u201cla primera visita como consejo regional fue ac\u00e1 a la comuna de Illapel, visitamos lo que se mostr\u00f3, la posta, el jard\u00edn infantil y bueno muchos compromisos m\u00e1s que ahora, hoy d\u00eda, nos dej\u00f3 m\u00e1s tareas y con mucho orgullo\u201d.<\/p>\n","protected":false},"excerpt":{"rendered":"<p>Multitudinaria cuenta p\u00fablica 2021 se llev\u00f3 a cabo este jueves 30 de junio en la Plaza de Armas de la ciudad de Illapel, un evento organizado por el municipio para dar a conocer las gestiones que se han llevado a cabo desde que asumi\u00f3, hace un a\u00f1o, la actual administraci\u00f3n<\/p>\n","protected":false},"author":1,"featured_media":1152,"comment_status":"closed","ping_status":"open","sticky":false,"template":"","format":"standard","meta":{"footnotes":""},"categories":[22],"tags":[],"class_list":["post-1151","post","type-post","status-publish","format-standard","has-post-thumbnail","hentry","category-muni-illapel"],"_links":{"self":[{"href":"https:\/\/minutaregional.cl\/index.php?rest_route=\/wp\/v2\/posts\/1151","targetHints":{"allow":["GET"]}}],"collection":[{"href":"https:\/\/minutaregional.cl\/index.php?rest_route=\/wp\/v2\/posts"}],"about":[{"href":"https:\/\/minutaregional.cl\/index.php?rest_route=\/wp\/v2\/types\/post"}],"author":[{"embeddable":true,"href":"https:\/\/minutaregional.cl\/index.php?rest_route=\/wp\/v2\/users\/1"}],"replies":[{"embeddable":true,"href":"https:\/\/minutaregional.cl\/index.php?rest_route=%2Fwp%2Fv2%2Fcomments&post=1151"}],"version-history":[{"count":1,"href":"https:\/\/minutaregional.cl\/index.php?rest_route=\/wp\/v2\/posts\/1151\/revisions"}],"predecessor-version":[{"id":1153,"href":"https:\/\/minutaregional.cl\/index.php?rest_route=\/wp\/v2\/posts\/1151\/revisions\/1153"}],"wp:featuredmedia":[{"embeddable":true,"href":"https:\/\/minutaregional.cl\/index.php?rest_route=\/wp\/v2\/media\/1152"}],"wp:attachment":[{"href":"https:\/\/minutaregional.cl\/index.php?rest_route=%2Fwp%2Fv2%2Fmedia&parent=1151"}],"wp:term":[{"taxonomy":"category","embeddable":true,"href":"https:\/\/minutaregional.cl\/index.php?rest_route=%2Fwp%2Fv2%2Fcategories&post=1151"},{"taxonomy":"post_tag","embeddable":true,"href":"https:\/\/minutaregional.cl\/index.php?rest_route=%2Fwp%2Fv2%2Ftags&post=1151"}],"curies":[{"name":"wp","href":"https:\/\/api.w.org\/{rel}","templated":true}]}}