{"id":1148,"date":"2022-07-02T02:54:45","date_gmt":"2022-07-02T02:54:45","guid":{"rendered":"https:\/\/minutaregional.cl\/?p=1148"},"modified":"2022-07-02T02:54:45","modified_gmt":"2022-07-02T02:54:45","slug":"pdi-incauta-drogas-armas-y-municiones-en-predio-de-pan-de-azucar-en-coquimbo-y-detiene-a-tres-imputados","status":"publish","type":"post","link":"https:\/\/minutaregional.cl\/?p=1148","title":{"rendered":"PDI INCAUTA DROGAS, ARMAS Y MUNICIONES EN PREDIO DE PAN DE AZ\u00daCAR EN COQUIMBO Y DETIENE A TRES IMPUTADOS"},"content":{"rendered":"<p style=\"text-align: justify;\">Brigada Antinarc\u00f3ticos y Contra el Crimen Organizado La Serena desarroll\u00f3 la operaci\u00f3n \u201cCarmen\u201d que surge de otra investigaci\u00f3n que realizaron los detectives en conjunto con el Ministerio P\u00fablico.<\/p>\n<p style=\"text-align: justify;\">Una serie de evidencias lograron reunir los detectives en una parcela de la localidad El Carmen, en la zona rural de Pan de Az\u00facar, comuna de Coquimbo. La Brigada Antinarc\u00f3ticos y Contra el Crimen Organizado La Serena dio cumplimiento a la orden judicial que autoriz\u00f3 la entrada y registro en tres inmuebles ubicados al interior del predio.<\/p>\n<p style=\"text-align: justify;\"><strong><em>\u201cEn el procedimiento de esta unidad especializada, la labor de an\u00e1lisis criminal e inteligencia policial permiti\u00f3 la incautaci\u00f3n de armas, municiones, y 1 kilo 488 gramos de cannabis procesada lista para su comercializaci\u00f3n envuelta en bolsas de pl\u00e1stico. Adem\u00e1s, droga sint\u00e9tica del tipo tussy en polvo y comprimidos de metanfetamina y 13 plantas del g\u00e9nero cannabis que se manten\u00edan en un invernadero tipo \u201cIn door\u201d, que estaba en una bodega de la propiedad\u201d,<\/em><\/strong> se\u00f1al\u00f3 el comisario Alfonso Salazar, de la Brigada Antinarc\u00f3ticos y Contra el Crimen Organizado La Serena.<\/p>\n<p style=\"text-align: justify;\">La ubicaci\u00f3n del armamento fue posible por la investigaci\u00f3n desarrollada por la PDI, en conjunto con el \u00a0Sistema de An\u00e1lisis Criminal y Foco Armas del Ministerio P\u00fablico. El arma de fuego corresponde a un rifle calibre 22, adem\u00e1s de 3 pistolas a fogueo y casi mil tiros de distintos tipos y calibres.<\/p>\n<p style=\"text-align: justify;\">\u201c<strong><em>Se establece que es un grupo delictivo que se dedicaba activamente a la producci\u00f3n, cultivo, cosecha y distribuci\u00f3n de cannabis, y para ello usaban esta considerable cantidad de armas y municiones. Tres hombres mayores de edad, con antecedentes policiales, fueron detenidos en el operativo\u201d<\/em><\/strong>, se\u00f1al\u00f3 el comisario Salazar.<\/p>\n<p style=\"text-align: justify;\">El Juzgado de Garant\u00eda de Coquimbo concedi\u00f3 la prisi\u00f3n preventiva para los tres integrantes de esta banda y el tribunal concedi\u00f3 90 d\u00edas para la investigaci\u00f3n. El aval\u00fao de la droga incautada bordea los 8 millones de pesos, y con estos resultados del trabajo policial, 1.500 dosis de las sustancias ilegales, no llegar\u00e1n a su destino.<\/p>\n","protected":false},"excerpt":{"rendered":"<p>Brigada Antinarc\u00f3ticos y Contra el Crimen Organizado La Serena desarroll\u00f3 la operaci\u00f3n \u201cCarmen\u201d que surge de otra investigaci\u00f3n que realizaron los detectives en conjunto con el Ministerio P\u00fablico. Una serie de evidencias lograron reunir los detectives en una parcela de la localidad El Carmen, en la zona rural de Pan<\/p>\n","protected":false},"author":1,"featured_media":1149,"comment_status":"closed","ping_status":"open","sticky":false,"template":"","format":"standard","meta":{"footnotes":""},"categories":[14],"tags":[],"class_list":["post-1148","post","type-post","status-publish","format-standard","has-post-thumbnail","hentry","category-pdi"],"_links":{"self":[{"href":"https:\/\/minutaregional.cl\/index.php?rest_route=\/wp\/v2\/posts\/1148","targetHints":{"allow":["GET"]}}],"collection":[{"href":"https:\/\/minutaregional.cl\/index.php?rest_route=\/wp\/v2\/posts"}],"about":[{"href":"https:\/\/minutaregional.cl\/index.php?rest_route=\/wp\/v2\/types\/post"}],"author":[{"embeddable":true,"href":"https:\/\/minutaregional.cl\/index.php?rest_route=\/wp\/v2\/users\/1"}],"replies":[{"embeddable":true,"href":"https:\/\/minutaregional.cl\/index.php?rest_route=%2Fwp%2Fv2%2Fcomments&post=1148"}],"version-history":[{"count":1,"href":"https:\/\/minutaregional.cl\/index.php?rest_route=\/wp\/v2\/posts\/1148\/revisions"}],"predecessor-version":[{"id":1150,"href":"https:\/\/minutaregional.cl\/index.php?rest_route=\/wp\/v2\/posts\/1148\/revisions\/1150"}],"wp:featuredmedia":[{"embeddable":true,"href":"https:\/\/minutaregional.cl\/index.php?rest_route=\/wp\/v2\/media\/1149"}],"wp:attachment":[{"href":"https:\/\/minutaregional.cl\/index.php?rest_route=%2Fwp%2Fv2%2Fmedia&parent=1148"}],"wp:term":[{"taxonomy":"category","embeddable":true,"href":"https:\/\/minutaregional.cl\/index.php?rest_route=%2Fwp%2Fv2%2Fcategories&post=1148"},{"taxonomy":"post_tag","embeddable":true,"href":"https:\/\/minutaregional.cl\/index.php?rest_route=%2Fwp%2Fv2%2Ftags&post=1148"}],"curies":[{"name":"wp","href":"https:\/\/api.w.org\/{rel}","templated":true}]}}