{"id":1145,"date":"2022-07-02T02:48:10","date_gmt":"2022-07-02T02:48:10","guid":{"rendered":"https:\/\/minutaregional.cl\/?p=1145"},"modified":"2022-07-02T02:48:10","modified_gmt":"2022-07-02T02:48:10","slug":"nuevas-audiencias-comunales-para-conocer-la-imagen-objetivo-del-pri-choapa","status":"publish","type":"post","link":"https:\/\/minutaregional.cl\/?p=1145","title":{"rendered":"Nuevas audiencias comunales para conocer la imagen objetivo del PRI Choapa"},"content":{"rendered":"<ul>\n<li style=\"text-align: justify;\"><em>El 6 y 7 de julio en Illapel, Salamanca, Canela y Los Vilos se llevar\u00e1n a cabo las segundas audiencias para informar, resolver dudas y entregar observaciones sobre el Plan Regulador Intercomunal de Choapa. Un proceso de participaci\u00f3n ciudadana que finaliza el 15 de julio.<\/em><\/li>\n<\/ul>\n<p style=\"text-align: justify;\">La primera semana de junio se llevaron a cabo las primeras audiencias comunales en Canela, Los Vilos, Illapel y Salamanca, donde la comunidad tuvo la oportunidad de conocer la imagen objetivo del Plan Regulador Intercomunal de Choapa y la posibilidad de realizar observaciones, ya que esta instancia de participaci\u00f3n ciudadana permite recoger las inquietudes de la poblaci\u00f3n y construir un instrumento de planificaci\u00f3n en conjunto.<\/p>\n<p style=\"text-align: justify;\">Ante el inter\u00e9s de las vecinas y vecinos de las cuatro comunas del Choapa y una solicitud por parte del Consejo Regional se realizar\u00e1 una repetici\u00f3n de las audiencias comunales para aquellas personas u organizaciones que no pudieron estar presentes en la primera ronda de reuniones.<\/p>\n<p style=\"text-align: justify;\">Las dos primeras audiencias ser\u00e1n el 6 de julio. En la ma\u00f1ana desde las 11:00 horas en el Sal\u00f3n Auditorio de la Municipalidad de Salamanca, ubicado en calle Manuel Bulnes #599, en Salamanca. Mientras que en la tarde del mi\u00e9rcoles a las 16:00 horas se llevar\u00e1 a cabo una audiencia en la Casa de la Cultura de Illapel, ubicada en calle O\u00b4Higgins #280, en Illapel.<\/p>\n<p style=\"text-align: justify;\">Mientras que el jueves 7 de julio a las 10:00 horas se realizar\u00e1 la audiencia comunal en el Gimnasio Techado de Canela Baja, ubicado en calle Rosario Cortes #715, en la ciudad de Canela Baja. Cerrando esta segunda y \u00faltima ronda de reuniones a las 15:00 horas en la Casa de la Cultura de Los Vilos, ubicada en avda. Salvador Allende #1413, en Los Vilos.<\/p>\n<p style=\"text-align: justify;\">Adem\u00e1s, y para quienes no puedan asistir a estas rondas de audiencias, la exposici\u00f3n de antecedentes de la Imagen Objetivo del PRI Choapa, seguir\u00e1 vigente hasta el 15 de julio en los Hall Municipales de Illapel y Salamanca, la Casa de la Cultura de Los Vilos, el Sal\u00f3n Cultural Canela Baja y en la Seremi de Vivienda y Urbanismo en La Serena. Eso sin contar que el expediente digital, con los antecedentes est\u00e1n disponibles en los sitios web Serviucoquimbo.minvu.cl y gorecoquimbo.cl.<\/p>\n<p style=\"text-align: justify;\">Hasta el mismo 15 de julio se podr\u00e1n efectuar observaciones a la propuesta de Imagen Objetivo, que se puede realizar de forma remota enviando un correo electr\u00f3nico a <a href=\"mailto:contactosrmcoquimbo@minvu.cl\">contactosrmcoquimbo@minvu.cl<\/a> o de forma presencial en la oficina de Partes de la SEREMI MINVU Coquimbo ubicada en Pasaje Santa In\u00e9s #070, en La Serena.<\/p>\n<p>&nbsp;<\/p>\n","protected":false},"excerpt":{"rendered":"<p>El 6 y 7 de julio en Illapel, Salamanca, Canela y Los Vilos se llevar\u00e1n a cabo las segundas audiencias para informar, resolver dudas y entregar observaciones sobre el Plan Regulador Intercomunal de Choapa. Un proceso de participaci\u00f3n ciudadana que finaliza el 15 de julio. La primera semana de junio<\/p>\n","protected":false},"author":1,"featured_media":1146,"comment_status":"closed","ping_status":"open","sticky":false,"template":"","format":"standard","meta":{"footnotes":""},"categories":[1],"tags":[],"class_list":["post-1145","post","type-post","status-publish","format-standard","has-post-thumbnail","hentry","category-noticias-regionales"],"_links":{"self":[{"href":"https:\/\/minutaregional.cl\/index.php?rest_route=\/wp\/v2\/posts\/1145","targetHints":{"allow":["GET"]}}],"collection":[{"href":"https:\/\/minutaregional.cl\/index.php?rest_route=\/wp\/v2\/posts"}],"about":[{"href":"https:\/\/minutaregional.cl\/index.php?rest_route=\/wp\/v2\/types\/post"}],"author":[{"embeddable":true,"href":"https:\/\/minutaregional.cl\/index.php?rest_route=\/wp\/v2\/users\/1"}],"replies":[{"embeddable":true,"href":"https:\/\/minutaregional.cl\/index.php?rest_route=%2Fwp%2Fv2%2Fcomments&post=1145"}],"version-history":[{"count":1,"href":"https:\/\/minutaregional.cl\/index.php?rest_route=\/wp\/v2\/posts\/1145\/revisions"}],"predecessor-version":[{"id":1147,"href":"https:\/\/minutaregional.cl\/index.php?rest_route=\/wp\/v2\/posts\/1145\/revisions\/1147"}],"wp:featuredmedia":[{"embeddable":true,"href":"https:\/\/minutaregional.cl\/index.php?rest_route=\/wp\/v2\/media\/1146"}],"wp:attachment":[{"href":"https:\/\/minutaregional.cl\/index.php?rest_route=%2Fwp%2Fv2%2Fmedia&parent=1145"}],"wp:term":[{"taxonomy":"category","embeddable":true,"href":"https:\/\/minutaregional.cl\/index.php?rest_route=%2Fwp%2Fv2%2Fcategories&post=1145"},{"taxonomy":"post_tag","embeddable":true,"href":"https:\/\/minutaregional.cl\/index.php?rest_route=%2Fwp%2Fv2%2Ftags&post=1145"}],"curies":[{"name":"wp","href":"https:\/\/api.w.org\/{rel}","templated":true}]}}