{"id":1136,"date":"2022-07-02T01:40:07","date_gmt":"2022-07-02T01:40:07","guid":{"rendered":"https:\/\/minutaregional.cl\/?p=1136"},"modified":"2022-07-02T02:24:15","modified_gmt":"2022-07-02T02:24:15","slug":"ministro-de-hacienda-sobre-reforma-tributaria-que-busca-duplicar-ingresos-para-los-gobiernos-regionales-parte-importante-de-esta-recaudacion-ira-a-las-regiones","status":"publish","type":"post","link":"https:\/\/minutaregional.cl\/?p=1136","title":{"rendered":"Ministro de Hacienda sobre Reforma Tributaria que Busca Duplicar Ingresos para los Gobiernos Regionales: \u201cParte importante de esta recaudaci\u00f3n ir\u00e1 a las regiones\u201d"},"content":{"rendered":"<p>El Presidente Gabriel Boric junto al ministro de Hacienda Mario Marcel anunciaron esta ma\u00f1ana en el Palacio de La Moneda el contenido de la reforma tributaria, la primera de las reformas estructurales de su administraci\u00f3n con la que espera recaudar del orden de 4,1 puntos del PIB cuando est\u00e9 completamente en r\u00e9gimen.<\/p>\n<p>Esta reforma busca avanzar en equidad y justicia tributaria para todos los contribuyentes y, asimismo, financiar otras reformas estructurales que ampl\u00edan los derechos sociales y fomentar el desarrollo productivo y regional.<\/p>\n<p>Justamente una de las principales medidas que considera la iniciativa es que una parte importante de los nuevos recursos que capte la reforma, vaya a las regiones, sum\u00e1ndose a las actuales fuentes de financiamiento. As\u00ed lo plante\u00f3 el Presidente Gabriel Boric: \u201cCreo que es tremendamente importante el car\u00e1cter regional que tiene esta reforma, de equidad territorial\u201d.<\/p>\n<p>Actualmente, los gobiernos regionales reciben poco m\u00e1s de US$1.000 millones anuales por impuestos como las patentes mineras, la participaci\u00f3n en sobre tasa del impuesto territorial, derechos de agua, entre otras, y con las nuevas medidas anunciadas por el gobierno, ese monto se acercar\u00e1 a los US$3.000 millones.<\/p>\n<p>\u201cEl prop\u00f3sito es que parte importante de esta recaudaci\u00f3n vaya a las regiones\u201d, enfatiza el ministro Mario Marcel. \u201cLos recursos propios se ver\u00edan enriquecidos con la participaci\u00f3n en el royalty a la gran miner\u00eda, los impuestos correctivos y alguna participaci\u00f3n en la sobretasa del impuesto territorial. Con eso lograr\u00edamos, s\u00f3lo por el lado de los ingresos propios, duplicar los recursos de los gobiernos regionales para el cumplimiento de todas las funciones y responsabilidades que se le est\u00e1n asignando\u201d, a\u00f1ade el ministro de Hacienda.<\/p>\n<p>Pasos de la Reforma<\/p>\n<p>La Reforma Tributaria se estructura en torno a cuatro iniciativas legislativas, dos de las cuales se presentar\u00e1n al Congreso durante julio, mientras que las restantes se concretar\u00e1n en el cuarto trimestre.<\/p>\n<p>Las dos primeras se refieren a un proyecto de ley que incorpora cambios al Impuesto a la Renta, incorpora un Impuesto a la riqueza, limita exenciones e introduce medidas contra a elusi\u00f3n y evasi\u00f3n fiscal. El segundo componente corresponde a un paquete de indicaciones que se introducir\u00e1n al proyecto de ley sobre Royalty minero que se tramita actualmente en el Senado.<\/p>\n<p>Descarga im\u00e1genes de la presentaci\u00f3n en el siguiente link https:\/\/prensa.presidencia.cl\/lfi- content\/downloads\/comunicado_img_197190.zip<\/p>\n","protected":false},"excerpt":{"rendered":"<p>El Presidente Gabriel Boric junto al ministro de Hacienda Mario Marcel anunciaron esta ma\u00f1ana en el Palacio de La Moneda el contenido de la reforma tributaria, la primera de las reformas estructurales de su administraci\u00f3n con la que espera recaudar del orden de 4,1 puntos del PIB cuando est\u00e9 completamente<\/p>\n","protected":false},"author":1,"featured_media":1139,"comment_status":"closed","ping_status":"open","sticky":false,"template":"","format":"standard","meta":{"footnotes":""},"categories":[9],"tags":[],"class_list":["post-1136","post","type-post","status-publish","format-standard","has-post-thumbnail","hentry","category-subderecoquimbo"],"_links":{"self":[{"href":"https:\/\/minutaregional.cl\/index.php?rest_route=\/wp\/v2\/posts\/1136","targetHints":{"allow":["GET"]}}],"collection":[{"href":"https:\/\/minutaregional.cl\/index.php?rest_route=\/wp\/v2\/posts"}],"about":[{"href":"https:\/\/minutaregional.cl\/index.php?rest_route=\/wp\/v2\/types\/post"}],"author":[{"embeddable":true,"href":"https:\/\/minutaregional.cl\/index.php?rest_route=\/wp\/v2\/users\/1"}],"replies":[{"embeddable":true,"href":"https:\/\/minutaregional.cl\/index.php?rest_route=%2Fwp%2Fv2%2Fcomments&post=1136"}],"version-history":[{"count":1,"href":"https:\/\/minutaregional.cl\/index.php?rest_route=\/wp\/v2\/posts\/1136\/revisions"}],"predecessor-version":[{"id":1140,"href":"https:\/\/minutaregional.cl\/index.php?rest_route=\/wp\/v2\/posts\/1136\/revisions\/1140"}],"wp:featuredmedia":[{"embeddable":true,"href":"https:\/\/minutaregional.cl\/index.php?rest_route=\/wp\/v2\/media\/1139"}],"wp:attachment":[{"href":"https:\/\/minutaregional.cl\/index.php?rest_route=%2Fwp%2Fv2%2Fmedia&parent=1136"}],"wp:term":[{"taxonomy":"category","embeddable":true,"href":"https:\/\/minutaregional.cl\/index.php?rest_route=%2Fwp%2Fv2%2Fcategories&post=1136"},{"taxonomy":"post_tag","embeddable":true,"href":"https:\/\/minutaregional.cl\/index.php?rest_route=%2Fwp%2Fv2%2Ftags&post=1136"}],"curies":[{"name":"wp","href":"https:\/\/api.w.org\/{rel}","templated":true}]}}