{"id":1127,"date":"2022-06-30T00:19:13","date_gmt":"2022-06-30T00:19:13","guid":{"rendered":"https:\/\/minutaregional.cl\/?p=1127"},"modified":"2022-06-30T00:19:13","modified_gmt":"2022-06-30T00:19:13","slug":"este-jueves-comienza-la-suspension-de-5-dias-de-clases-por-emergencia-sanitaria","status":"publish","type":"post","link":"https:\/\/minutaregional.cl\/?p=1127","title":{"rendered":"Este Jueves Comienza la Suspensi\u00f3n de  5 D\u00edas de Clases por Emergencia Sanitaria"},"content":{"rendered":"<p>\u25cf El objetivo principal de esta medida excepcional y de emergencia es proteger la salud de ni\u00f1os, ni\u00f1as y adolescentes ante la alta circulaci\u00f3n de virus respiratorios.<\/p>\n<p>\u25cf Estos d\u00edas de suspensi\u00f3n rigen para todos los establecimientos de educaci\u00f3n escolar y parvularia desde Arica y Parinacota a Los Lagos, con excepci\u00f3n de la Provincia de Palena.<\/p>\n<p>Debido al aumento de la circulaci\u00f3n de virus respiratorios y a la alta ocupaci\u00f3n de camas UCI y UTI pedi\u00e1tricas, los ministerios de Salud y Educaci\u00f3n anunciaron 5 d\u00edas h\u00e1biles de suspensi\u00f3n de clases entre las regiones de Arica y Parinacota y Los Lagos, con excepci\u00f3n de la Provincia de Palena, los cuales se suman a las vacaciones de invierno planificadas por los establecimientos de educaci\u00f3n escolar y parvularia. Esto con el objetivo de resguardar la presencialidad de la ense\u00f1anza en el tiempo.<\/p>\n<p>La medida ser\u00e1 obligatoria para todo el sistema escolar y de educaci\u00f3n parvularia, p\u00fablicos y privados. De esta forma, en los establecimientos escolares las y los estudiantes iniciar\u00e1n sus vacaciones el 30 de junio y finalizar\u00e1n el 22 de julio, debiendo volver a clases para comenzar el segundo semestre el lunes 25 de julio.<\/p>\n<p>La Seremi de Educaci\u00f3n Cecilia Ram\u00edrez Ch\u00e1vez inform\u00f3 que \u201cma\u00f1ana 30 de junio empieza esta suspensi\u00f3n de clases que levanta el ministerio de Salud y que responde a la contingencia sanitaria. \u201cEste a\u00f1o es una suspensi\u00f3n de clases del 30 de junio al 06 de julio y desde el 07 al 22 de julio comienza el receso acad\u00e9mico de invierno, conocido como vacaciones de invierno. Del 30 de junio al 06 de julio son todos los establecimientos que suspenden clases, porque es una medida sanitaria de educaci\u00f3n parvularia, b\u00e1sica y media\u201d.<\/p>\n<p>La autoridad explic\u00f3 que \u201ccuando el establecimiento tiene un r\u00e9gimen trimestral, pero informaron que sus vacaciones iban a ser en julio tienen el receso acad\u00e9mico a partir del 07 de julio al igual que todos los que tienen r\u00e9gimen semestral. Sin embargo, cuando su r\u00e9gimen es trimestral y no tienen sus vacaciones en julio deben retomar sus actividades acad\u00e9micas, luego de estos 5 d\u00edas de suspensi\u00f3n de clases\u201d.<\/p>\n<p>La Seremi de Educaci\u00f3n agreg\u00f3 que \u201cen esta semana de suspensi\u00f3n de clases desde el 30 de junio al 06 de julio se hizo un llamado para que los establecimientos estuvieran abiertos. Pero tambi\u00e9n se hizo un llamado a los sostenedores y directivos que pudieran levantar un catastro de cu\u00e1les son las necesidades de sus estudiantes porque si no tuvieran otra opci\u00f3n tengan que ir al establecimiento ya sea a recibir alimentaci\u00f3n o porque no puede recibir los cuidados que requiere todo ni\u00f1o, ni\u00f1a o adolecente en sus hogares. Un llamado a las familias para que env\u00eden solamente a aquellos ni\u00f1os que de verdad necesitan estar en las escuelas por esta semana\u201d.<\/p>\n<p>Medidas adicionales<\/p>\n<p>Entendiendo las complejidades que esta medida de 5 d\u00edas de receso puede causar en la organizaci\u00f3n de las familias, es que se ha dictaminado que los establecimientos educacionales se mantendr\u00e1n abiertos entregando el servicio de alimentaci\u00f3n y atenci\u00f3n a las y los estudiantes que excepcionalmente as\u00ed lo requieran.<\/p>\n<p>No obstante, el llamado a las familias es a -dentro de sus posibilidades- no enviar a las y los estudiantes a los establecimientos, para que la medida pueda cumplir su objetivo, que es disminuir los contagios de enfermedades respiratorias.<\/p>\n<p>Para m\u00e1s informaci\u00f3n, las comunidades educativas pueden consultar las orientaciones sobre la suspensi\u00f3n de clases, publicadas en la web del Ministerio de Educaci\u00f3n, www.mineduc.cl<\/p>\n<p>&nbsp;<\/p>\n<p>&nbsp;<\/p>\n<p>&nbsp;<\/p>\n<p>&nbsp;<\/p>\n<p>&nbsp;<\/p>\n<p>&nbsp;<\/p>\n<p>&nbsp;<\/p>\n<p>&nbsp;<\/p>\n<p>&nbsp;<\/p>\n<p>&nbsp;<\/p>\n<p>&nbsp;<\/p>\n<p>&nbsp;<\/p>\n<p>&nbsp;<\/p>\n<p>&nbsp;<\/p>\n","protected":false},"excerpt":{"rendered":"<p>\u25cf El objetivo principal de esta medida excepcional y de emergencia es proteger la salud de ni\u00f1os, ni\u00f1as y adolescentes ante la alta circulaci\u00f3n de virus respiratorios. \u25cf Estos d\u00edas de suspensi\u00f3n rigen para todos los establecimientos de educaci\u00f3n escolar y parvularia desde Arica y Parinacota a Los Lagos, con<\/p>\n","protected":false},"author":1,"featured_media":1130,"comment_status":"closed","ping_status":"open","sticky":false,"template":"","format":"standard","meta":{"footnotes":""},"categories":[40],"tags":[],"class_list":["post-1127","post","type-post","status-publish","format-standard","has-post-thumbnail","hentry","category-secreduc_iv"],"_links":{"self":[{"href":"https:\/\/minutaregional.cl\/index.php?rest_route=\/wp\/v2\/posts\/1127","targetHints":{"allow":["GET"]}}],"collection":[{"href":"https:\/\/minutaregional.cl\/index.php?rest_route=\/wp\/v2\/posts"}],"about":[{"href":"https:\/\/minutaregional.cl\/index.php?rest_route=\/wp\/v2\/types\/post"}],"author":[{"embeddable":true,"href":"https:\/\/minutaregional.cl\/index.php?rest_route=\/wp\/v2\/users\/1"}],"replies":[{"embeddable":true,"href":"https:\/\/minutaregional.cl\/index.php?rest_route=%2Fwp%2Fv2%2Fcomments&post=1127"}],"version-history":[{"count":2,"href":"https:\/\/minutaregional.cl\/index.php?rest_route=\/wp\/v2\/posts\/1127\/revisions"}],"predecessor-version":[{"id":1132,"href":"https:\/\/minutaregional.cl\/index.php?rest_route=\/wp\/v2\/posts\/1127\/revisions\/1132"}],"wp:featuredmedia":[{"embeddable":true,"href":"https:\/\/minutaregional.cl\/index.php?rest_route=\/wp\/v2\/media\/1130"}],"wp:attachment":[{"href":"https:\/\/minutaregional.cl\/index.php?rest_route=%2Fwp%2Fv2%2Fmedia&parent=1127"}],"wp:term":[{"taxonomy":"category","embeddable":true,"href":"https:\/\/minutaregional.cl\/index.php?rest_route=%2Fwp%2Fv2%2Fcategories&post=1127"},{"taxonomy":"post_tag","embeddable":true,"href":"https:\/\/minutaregional.cl\/index.php?rest_route=%2Fwp%2Fv2%2Ftags&post=1127"}],"curies":[{"name":"wp","href":"https:\/\/api.w.org\/{rel}","templated":true}]}}