{"id":1116,"date":"2022-06-29T20:36:16","date_gmt":"2022-06-29T20:36:16","guid":{"rendered":"https:\/\/minutaregional.cl\/?p=1116"},"modified":"2022-06-29T20:36:16","modified_gmt":"2022-06-29T20:36:16","slug":"orden-de-desalojo-preocupa-a-trabajadoras-del-centro-gastronomico-mujeres-de-elqui","status":"publish","type":"post","link":"https:\/\/minutaregional.cl\/?p=1116","title":{"rendered":"Orden de Desalojo Preocupa a Trabajadoras del Centro Gastron\u00f3mico Mujeres de Elqui"},"content":{"rendered":"<p style=\"text-align: justify;\"><em>La municipalidad de Vicu\u00f1a orden\u00f3 el desalojo del lugar donde hace m\u00e1s de 1 d\u00e9cada trabajan las cocineras del Centro Gastron\u00f3mico Mujeres de Elqui. Las trabajadoras muestran preocupaci\u00f3n por la solicitud de abandono forzado. \u201ces nuestra fuente laboral\u201d, se\u00f1al\u00f3 una de sus dirigentas.<\/em><\/p>\n<p style=\"text-align: justify;\">M\u00e1s de 10 a\u00f1os lleva funcionando el Centro Gastron\u00f3mico Mujeres de Elqui, sin embargo, tras una solicitud de desalojo ordenada por la municipalidad de Vicu\u00f1a, las trabajadoras del lugar deben abandonar prontamente el recinto. A\u00f1os de esfuerzo y soberan\u00eda econ\u00f3mica que puede ser interrumpida tras la orden comunal.<\/p>\n<p style=\"text-align: justify;\">Las gestiones, seg\u00fan se\u00f1alan desde la dirigencia, no han llegado a buen puerto. Presentaron un recurso de protecci\u00f3n, pero \u00e9ste fue rechazado, incluso una nueva apelaci\u00f3n no consigui\u00f3 revertir la decisi\u00f3n de desalojar el terreno.<\/p>\n<p style=\"text-align: justify;\">La presidenta de la Agrupaci\u00f3n Gastron\u00f3mica de Mujeres de Elqui, Mar\u00eda Villalobos se\u00f1al\u00f3 que \u201cno nos pueden dejar fuera tan f\u00e1cilmente. Fuimos las impulsoras de este proyecto\u201d. La vocera recuerda que la edificaci\u00f3n hoy presente en el lugar fue producto de fondos obtenidos por el gobierno que ellas mismas gestionaron hace m\u00e1s de una d\u00e9cada.<\/p>\n<p style=\"text-align: justify;\">\u201cLe pedimos al alcalde que pueda ver la posibilidad que nos deje ac\u00e1. Es nuestra fuente laboral\u201d, coment\u00f3.<\/p>\n<p style=\"text-align: justify;\">Mar\u00eda Ogalde, locataria perteneciente a la agrupaci\u00f3n, destaca la estabilidad laboral que le ha entregado la cociner\u00eda, junto con mostrar preocupaci\u00f3n por la situaci\u00f3n econ\u00f3mica del pa\u00eds: el alza del costo de la vida producto de la inflaci\u00f3n.<\/p>\n<p style=\"text-align: justify;\">\u201cEs dif\u00edcil buscar un trabajo y llevar el sustento a la casa en estas circunstancias\u201d, remarc\u00f3.<\/p>\n<p style=\"text-align: justify;\">\u201cNo nos hemos hecho ricas, pero nos ha ayudado para darle educaci\u00f3n a nuestros hijos. Como mujeres nos hemos empoderado, nos ha dado mayor confianza de poder lograr objetivos. Esto nos ayuda a estar fuertes, a tener capacidades\u201d, concluye.<\/p>\n<p style=\"text-align: justify;\">En tanto, desde la gesti\u00f3n parlamentaria, la diputada Nathalie Castillo se reuni\u00f3 con la agrupaci\u00f3n para colaborar en la resoluci\u00f3n del conflicto. La congresista relev\u00f3 la necesidad de fomentar estos espacios, adem\u00e1s de que, ante un posible abandono, \u201cla autonom\u00eda econ\u00f3mica\u201d de las mujeres se ve gravemente afectada.<\/p>\n<p style=\"text-align: justify;\">Son 7 mujeres que no quieren abandonar sus cociner\u00edas. Desconocen el proyecto que quiere ejecutarse en ese lugar y si est\u00e1n consideradas en los nuevos planes. Por lo pronto, desde la municipalidad ya les notificaron que hace una semana debieron haber abandonado el lugar.<\/p>\n","protected":false},"excerpt":{"rendered":"<p>La municipalidad de Vicu\u00f1a orden\u00f3 el desalojo del lugar donde hace m\u00e1s de 1 d\u00e9cada trabajan las cocineras del Centro Gastron\u00f3mico Mujeres de Elqui. Las trabajadoras muestran preocupaci\u00f3n por la solicitud de abandono forzado. \u201ces nuestra fuente laboral\u201d, se\u00f1al\u00f3 una de sus dirigentas. M\u00e1s de 10 a\u00f1os lleva funcionando el<\/p>\n","protected":false},"author":1,"featured_media":1117,"comment_status":"closed","ping_status":"open","sticky":false,"template":"","format":"standard","meta":{"footnotes":""},"categories":[26],"tags":[],"class_list":["post-1116","post","type-post","status-publish","format-standard","has-post-thumbnail","hentry","category-camara-de-diputadas-y-diputados"],"_links":{"self":[{"href":"https:\/\/minutaregional.cl\/index.php?rest_route=\/wp\/v2\/posts\/1116","targetHints":{"allow":["GET"]}}],"collection":[{"href":"https:\/\/minutaregional.cl\/index.php?rest_route=\/wp\/v2\/posts"}],"about":[{"href":"https:\/\/minutaregional.cl\/index.php?rest_route=\/wp\/v2\/types\/post"}],"author":[{"embeddable":true,"href":"https:\/\/minutaregional.cl\/index.php?rest_route=\/wp\/v2\/users\/1"}],"replies":[{"embeddable":true,"href":"https:\/\/minutaregional.cl\/index.php?rest_route=%2Fwp%2Fv2%2Fcomments&post=1116"}],"version-history":[{"count":1,"href":"https:\/\/minutaregional.cl\/index.php?rest_route=\/wp\/v2\/posts\/1116\/revisions"}],"predecessor-version":[{"id":1118,"href":"https:\/\/minutaregional.cl\/index.php?rest_route=\/wp\/v2\/posts\/1116\/revisions\/1118"}],"wp:featuredmedia":[{"embeddable":true,"href":"https:\/\/minutaregional.cl\/index.php?rest_route=\/wp\/v2\/media\/1117"}],"wp:attachment":[{"href":"https:\/\/minutaregional.cl\/index.php?rest_route=%2Fwp%2Fv2%2Fmedia&parent=1116"}],"wp:term":[{"taxonomy":"category","embeddable":true,"href":"https:\/\/minutaregional.cl\/index.php?rest_route=%2Fwp%2Fv2%2Fcategories&post=1116"},{"taxonomy":"post_tag","embeddable":true,"href":"https:\/\/minutaregional.cl\/index.php?rest_route=%2Fwp%2Fv2%2Ftags&post=1116"}],"curies":[{"name":"wp","href":"https:\/\/api.w.org\/{rel}","templated":true}]}}