{"id":1112,"date":"2022-06-29T20:30:42","date_gmt":"2022-06-29T20:30:42","guid":{"rendered":"https:\/\/minutaregional.cl\/?p=1112"},"modified":"2022-06-29T20:30:42","modified_gmt":"2022-06-29T20:30:42","slug":"diputado-manouchehri-propone-extender-post-natal-hasta-fin-del-invierno","status":"publish","type":"post","link":"https:\/\/minutaregional.cl\/?p=1112","title":{"rendered":"Diputado Manouchehri Propone Extender Post Natal Hasta Fin del Invierno"},"content":{"rendered":"<audio class=\"wp-audio-shortcode\" id=\"audio-1112-1\" preload=\"none\" style=\"width: 100%;\" controls=\"controls\"><source type=\"audio\/mpeg\" src=\"https:\/\/minutaregional.cl\/wp-content\/uploads\/2022\/06\/CUNA-D-Manouchehri-Post-Natal-Invierno-jun22.mp3?_=1\" \/><a href=\"https:\/\/minutaregional.cl\/wp-content\/uploads\/2022\/06\/CUNA-D-Manouchehri-Post-Natal-Invierno-jun22.mp3\">https:\/\/minutaregional.cl\/wp-content\/uploads\/2022\/06\/CUNA-D-Manouchehri-Post-Natal-Invierno-jun22.mp3<\/a><\/audio>\n<p><span style=\"color: #ff0000;\">AUDIO<\/span> : Diputado Manouchehri Post Natal Invierno (jun22)<\/p>\n<p style=\"text-align: justify;\">Hace una semana inici\u00f3 el invierno en el hemisferio sur. Las bajas de temperatura se han agudizado durante junio y con ello el Ministerio de Salud registr\u00f3 un aumento de contagios por Covid-19 y enfermedades respiratorias asociadas a la estaci\u00f3n.<\/p>\n<p style=\"text-align: justify;\">Dado el aumento de consultas m\u00e9dicas a nivel nacional, principalmente de ni\u00f1as y ni\u00f1os, el diputado de Coquimbo Daniel Manouchehri plantea extender el postnatal hasta el fin del invierno. Manouchehri se\u00f1al\u00f3 que \u201cla pandemia a\u00fan no termina. Los sistemas de salud est\u00e1n colapsados y los que m\u00e1s sufren son los ni\u00f1os. Debemos hacer un esfuerzo como pa\u00eds y extender el postnatal hasta el final del invierno\u201d.<\/p>\n<p style=\"text-align: justify;\">As\u00ed mismo, \u201cse debe contemplar la implementaci\u00f3n de una nueva licencia m\u00e9dica preventiva parental para aquellas madres y padres que tengan bajo su cuidado a menores de 7 a\u00f1os, hasta a lo menos el t\u00e9rmino del invierno\u201d, propuso el legislador.<\/p>\n<p style=\"text-align: justify;\">Con el fin de resguardar la crianza de los ni\u00f1os y ni\u00f1as, en 2020 se dict\u00f3 la ley N\u00b0 21.247, que estableci\u00f3 beneficios para padres, madres y cuidadores de los menores de edad, con motivo de la pandemia del Covid-19. Principalmente, permiti\u00f3 el derecho a los trabajadores que usaron el permiso postnatal parental desde el 18 de marzo de 2020, luego de su t\u00e9rmino, al acceso de una licencia m\u00e9dica preventiva parental de hasta de 90 d\u00edas.<\/p>\n<p style=\"text-align: justify;\">La ley qued\u00f3 supeditada al estado de excepci\u00f3n constitucional de cat\u00e1strofe, y cuando \u00e9ste ces\u00f3 el 30 de septiembre de 2021 tambi\u00e9n finaliz\u00f3 el beneficio de licencia m\u00e9dica preventiva parental.<\/p>\n<p style=\"text-align: justify;\">El diputado del PS enfatiz\u00f3 en que las autoridades y la clase pol\u00edtica deben priorizar la salud de la infancia, en un contexto sanitario que prev\u00e9 una nueva ola de contagios por Covid-19. \u201cTenemos que poner en agenda la infancia, con medidas urgentes de ayuda. Es momento que estudiemos la extensi\u00f3n permanente del postnatal a 12 meses\u201d, indic\u00f3.<\/p>\n<p>&nbsp;<\/p>\n","protected":false},"excerpt":{"rendered":"<p>AUDIO : Diputado Manouchehri Post Natal Invierno (jun22) Hace una semana inici\u00f3 el invierno en el hemisferio sur. Las bajas de temperatura se han agudizado durante junio y con ello el Ministerio de Salud registr\u00f3 un aumento de contagios por Covid-19 y enfermedades respiratorias asociadas a la estaci\u00f3n. Dado el<\/p>\n","protected":false},"author":1,"featured_media":1114,"comment_status":"closed","ping_status":"open","sticky":false,"template":"","format":"standard","meta":{"footnotes":""},"categories":[26],"tags":[],"class_list":["post-1112","post","type-post","status-publish","format-standard","has-post-thumbnail","hentry","category-camara-de-diputadas-y-diputados"],"_links":{"self":[{"href":"https:\/\/minutaregional.cl\/index.php?rest_route=\/wp\/v2\/posts\/1112","targetHints":{"allow":["GET"]}}],"collection":[{"href":"https:\/\/minutaregional.cl\/index.php?rest_route=\/wp\/v2\/posts"}],"about":[{"href":"https:\/\/minutaregional.cl\/index.php?rest_route=\/wp\/v2\/types\/post"}],"author":[{"embeddable":true,"href":"https:\/\/minutaregional.cl\/index.php?rest_route=\/wp\/v2\/users\/1"}],"replies":[{"embeddable":true,"href":"https:\/\/minutaregional.cl\/index.php?rest_route=%2Fwp%2Fv2%2Fcomments&post=1112"}],"version-history":[{"count":1,"href":"https:\/\/minutaregional.cl\/index.php?rest_route=\/wp\/v2\/posts\/1112\/revisions"}],"predecessor-version":[{"id":1115,"href":"https:\/\/minutaregional.cl\/index.php?rest_route=\/wp\/v2\/posts\/1112\/revisions\/1115"}],"wp:featuredmedia":[{"embeddable":true,"href":"https:\/\/minutaregional.cl\/index.php?rest_route=\/wp\/v2\/media\/1114"}],"wp:attachment":[{"href":"https:\/\/minutaregional.cl\/index.php?rest_route=%2Fwp%2Fv2%2Fmedia&parent=1112"}],"wp:term":[{"taxonomy":"category","embeddable":true,"href":"https:\/\/minutaregional.cl\/index.php?rest_route=%2Fwp%2Fv2%2Fcategories&post=1112"},{"taxonomy":"post_tag","embeddable":true,"href":"https:\/\/minutaregional.cl\/index.php?rest_route=%2Fwp%2Fv2%2Ftags&post=1112"}],"curies":[{"name":"wp","href":"https:\/\/api.w.org\/{rel}","templated":true}]}}