{"id":1095,"date":"2022-06-19T18:41:57","date_gmt":"2022-06-19T18:41:57","guid":{"rendered":"https:\/\/minutaregional.cl\/?p=1095"},"modified":"2022-06-19T18:42:34","modified_gmt":"2022-06-19T18:42:34","slug":"mesa-minera-de-illapel-esta-preocupada-por-los-efectos-economicos-y-sociales-de-la-suspension-del-poder-de-compra-de-minera-tres-valles","status":"publish","type":"post","link":"https:\/\/minutaregional.cl\/?p=1095","title":{"rendered":"Mesa Minera de Illapel est\u00e1 preocupada por los efectos econ\u00f3micos y sociales de la suspensi\u00f3n del poder de compra de Minera Tres Valles"},"content":{"rendered":"<p style=\"text-align: justify;\">M\u00e1s de 180 peque\u00f1os mineros de la provincia del Choapa vend\u00edan su mineral al poder de compra de Minera Tres Valles, y de un total de 25 mil toneladas mensuales transadas, 17 mil son de productores illapelinos. Estas cifras dan raz\u00f3n a la preocupaci\u00f3n de los miembros de la Mesa Minera de Illapel respecto de los efectos que tiene la suspensi\u00f3n del poder de compra de Minera Tres Valles, producto de la baja en el volumen y las leyes del mineral extra\u00eddo de su mina, adem\u00e1s de problemas con sus inversionistas.<\/p>\n<p style=\"text-align: justify;\">El alcalde de Illapel, Denis Cort\u00e9s Aguilera, presidente de la Mesa Minera que agrupa a las asociaciones mineras y sindicatos de pirquineros illapelinos y de Salamanca, manifest\u00f3 su preocupaci\u00f3n por este tema, llamando de manera transversal a las autoridades a trabajar en la b\u00fasqueda de una soluci\u00f3n que evite costos sociales y econ\u00f3micos para las familias que viven de la peque\u00f1a miner\u00eda.<\/p>\n<p style=\"text-align: justify;\">\u201cHoy lo que necesitamos es que esto sea resuelto, que se busquen los mecanismos, porque lo que no podemos permitir es que los peque\u00f1os mineros no tengan donde vender su mineral y (pierdan las) condiciones favorables para ellos que les ofrec\u00eda Minera Tres Valles. No podemos permitir que producto de una situaci\u00f3n entre particulares, hoy tengamos estas dificultades para nuestros peque\u00f1os mineros\u201d, sostuvo el jefe comunal illapelino.<\/p>\n<p style=\"text-align: justify;\">Similar opini\u00f3n tiene el presidente de la Asociaci\u00f3n Gremial Minera de Illapel (Asogremi), Patricio Gatica. \u201cNosotros queremos ver todas las v\u00edas de soluci\u00f3n posibles para el poder de compra de Minera Tres Valles, porque es un aporte econ\u00f3mico important\u00edsimo al desarrollo de la peque\u00f1a miner\u00eda (\u2026) Creemos que era un modelo interesante de observar de c\u00f3mo esa alianza entre privados de la peque\u00f1a miner\u00eda y una empresa extranjera hac\u00edan valor econ\u00f3mico para nuestro sector\u201d, sostuvo el dirigente.<\/p>\n<p style=\"text-align: justify;\">Finalmente, Rub\u00e9n Hern\u00e1ndez, presidente del Sindicato de Trabajadores Independientes Pirquineros \u201cSan Lorenzo\u201d de Salamanca, reconoci\u00f3 que \u201cla Minera Tres Valles a nosotros nos ha ayudado socialmente en darnos puntos de trabajo que es lo que nos ha servido para sustentar a nuestras familias. Creo que el apoyo que tenemos que darles en estos momentos es de suma importancia\u201d.<\/p>\n<p style=\"text-align: justify;\">La Mesa Minera de Illapel trabaja en los temas que ser\u00e1n tratados en una pr\u00f3xima instancia \u201campliada\u201d de esta entidad, a la cual ser\u00e1n convocadas autoridades gubernamentales y parlamentarias, organizaciones del sector minero, entre otras, ocasi\u00f3n en que se analizar\u00e1n las condiciones m\u00ednimas que, seg\u00fan los dirigentes de la peque\u00f1a miner\u00eda, requiere hoy el sector para trabajar con regularidad.<\/p>\n","protected":false},"excerpt":{"rendered":"<p>M\u00e1s de 180 peque\u00f1os mineros de la provincia del Choapa vend\u00edan su mineral al poder de compra de Minera Tres Valles, y de un total de 25 mil toneladas mensuales transadas, 17 mil son de productores illapelinos. Estas cifras dan raz\u00f3n a la preocupaci\u00f3n de los miembros de la Mesa<\/p>\n","protected":false},"author":1,"featured_media":1098,"comment_status":"closed","ping_status":"open","sticky":false,"template":"","format":"standard","meta":{"footnotes":""},"categories":[22],"tags":[],"class_list":["post-1095","post","type-post","status-publish","format-standard","has-post-thumbnail","hentry","category-muni-illapel"],"_links":{"self":[{"href":"https:\/\/minutaregional.cl\/index.php?rest_route=\/wp\/v2\/posts\/1095","targetHints":{"allow":["GET"]}}],"collection":[{"href":"https:\/\/minutaregional.cl\/index.php?rest_route=\/wp\/v2\/posts"}],"about":[{"href":"https:\/\/minutaregional.cl\/index.php?rest_route=\/wp\/v2\/types\/post"}],"author":[{"embeddable":true,"href":"https:\/\/minutaregional.cl\/index.php?rest_route=\/wp\/v2\/users\/1"}],"replies":[{"embeddable":true,"href":"https:\/\/minutaregional.cl\/index.php?rest_route=%2Fwp%2Fv2%2Fcomments&post=1095"}],"version-history":[{"count":1,"href":"https:\/\/minutaregional.cl\/index.php?rest_route=\/wp\/v2\/posts\/1095\/revisions"}],"predecessor-version":[{"id":1099,"href":"https:\/\/minutaregional.cl\/index.php?rest_route=\/wp\/v2\/posts\/1095\/revisions\/1099"}],"wp:featuredmedia":[{"embeddable":true,"href":"https:\/\/minutaregional.cl\/index.php?rest_route=\/wp\/v2\/media\/1098"}],"wp:attachment":[{"href":"https:\/\/minutaregional.cl\/index.php?rest_route=%2Fwp%2Fv2%2Fmedia&parent=1095"}],"wp:term":[{"taxonomy":"category","embeddable":true,"href":"https:\/\/minutaregional.cl\/index.php?rest_route=%2Fwp%2Fv2%2Fcategories&post=1095"},{"taxonomy":"post_tag","embeddable":true,"href":"https:\/\/minutaregional.cl\/index.php?rest_route=%2Fwp%2Fv2%2Ftags&post=1095"}],"curies":[{"name":"wp","href":"https:\/\/api.w.org\/{rel}","templated":true}]}}