{"id":1092,"date":"2022-06-19T17:04:08","date_gmt":"2022-06-19T17:04:08","guid":{"rendered":"https:\/\/minutaregional.cl\/?p=1092"},"modified":"2022-06-19T17:04:08","modified_gmt":"2022-06-19T17:04:08","slug":"aguas-del-valle-reitera-llamado-a-cuidado-del-agua-en-el-dia-de-la-desertificacion-y-sequia","status":"publish","type":"post","link":"https:\/\/minutaregional.cl\/?p=1092","title":{"rendered":"Aguas del Valle reitera llamado a cuidado del agua en el D\u00eda de la Desertificaci\u00f3n y Sequ\u00eda"},"content":{"rendered":"<ul>\n<li style=\"text-align: justify;\"><em>Desde 2011, la sanitaria ha destinado m\u00e1s de $52.000 millones en gasto e inversi\u00f3n para enfrentar la sequ\u00eda y evitar racionamientos para las personas.<\/em><\/li>\n<li style=\"text-align: justify;\"><em>Gesti\u00f3n de la sanitaria ha permitido mantener el suministro de agua, pese al aumento de poblaci\u00f3n y proliferaci\u00f3n de campamentos.<\/em><\/li>\n<\/ul>\n<p style=\"text-align: justify;\">Regi\u00f3n de Coquimbo, Junio del 2022. Aguas del Valle reiter\u00f3 su llamado a un consumo responsable del agua en medio de una de las sequ\u00edas m\u00e1s profundas de la historia, que ya suma m\u00e1s de 13 a\u00f1os con par\u00e1metros bajo lo normal en caudales de r\u00edos, lluvia y nieve. A la fecha, todas las comunas de la regi\u00f3n est\u00e1n bajo decreto de escasez h\u00eddrica.<\/p>\n<p style=\"text-align: justify;\">\u201cHoy, en el D\u00eda de la Desertificaci\u00f3n y Sequ\u00eda, queremos recordar que la Regi\u00f3n de Coquimbo cambi\u00f3: estamos administrando la escasez y ello obliga a todos los usuarios de agua a adaptarnos a un nuevo escenario. Consumo urbano no es igual a consumo humano, por eso todos tenemos que hacer un esfuerzo real en cambiar h\u00e1bitos: desde tomar duchas m\u00e1s cortas, hasta cambiar nuestros jardines con especies de menor demanda\u201d, dijo el gerente regional de Aguas del Valle, Andr\u00e9s Nazer.<\/p>\n<p style=\"text-align: justify;\">El ejecutivo agreg\u00f3 que el esfuerzo de la sanitaria est\u00e1 no solo en mantener la continuidad del suministro de agua potable en la Regi\u00f3n de Coquimbo, sino en realizar el consumo m\u00e1s eficiente posible de la poca agua que hay. \u201cMuestra de ello es que, aunque han aumentado a\u00f1o a a\u00f1o los hogares a los que abastecemos, nuestro servicio de agua se ha mantenido sin cambio. Ello, gracias a mejoras operacionales, inversiones y un intensivo plan de disminuci\u00f3n de p\u00e9rdidas (agua no facturada), focalizado en las zonas con mayor d\u00e9ficit h\u00eddrico y, a pesar del incremento de campamentos en distintas comunas que consumen agua de nuestras redes de manera irregular\u201d, dijo Nazer.<\/p>\n<p style=\"text-align: justify;\">Desde 2011, Aguas del Valle ha destinado m\u00e1s de $52.000 millones en gasto e inversi\u00f3n para sequ\u00eda, robusteciendo sus sistemas, buscando nuevas fuentes y aumento su eficiencia. \u201cSin este gran esfuerzo desde hace tiempo ya tendr\u00edamos racionamiento en Illapel y en otras comunas como Canela o Combarbal\u00e1\u201d, agreg\u00f3 el ejecutivo.<\/p>\n<p style=\"text-align: justify;\"><strong>Principales iniciativas<\/strong><\/p>\n<p style=\"text-align: justify;\">Dentro de las acciones desarrolladas por la sanitaria, est\u00e1 la ejecuci\u00f3n de un plan especial de obras para mantener la continuidad del suministro de agua potable; la construcci\u00f3n y puesta en marcha de la conducci\u00f3n Salamanca- Illapel; los convenios especiales con las Juntas de Vigilancia de las distintas cuencas, el traslado de agua de una a otra ciudad \u00a0en camiones aljibes para reforzar los sistemas de producci\u00f3n durante a\u00f1os; la construcci\u00f3n y habilitaci\u00f3n de una bater\u00eda de 14 nuevos pozos para robustecer sistema La Serena- Coquimbo y el avance proyecto de una planta desaladora para consumo humano para la Conurbaci\u00f3n y potencialmente Ovalle.<\/p>\n<p style=\"text-align: justify;\">A ello se suma la interconexi\u00f3n de 20 sistemas de Agua Potable Rural para reforzar su abastecimiento, apoyando a m\u00e1s de 19 mil personas en la regi\u00f3n. Por otra parte, \u00a0desde el sistema productivo de la sanitaria se abastecen los camiones aljibes de los municipios que llevan agua potable a los sectores rurales dispersos.<\/p>\n","protected":false},"excerpt":{"rendered":"<p>Desde 2011, la sanitaria ha destinado m\u00e1s de $52.000 millones en gasto e inversi\u00f3n para enfrentar la sequ\u00eda y evitar racionamientos para las personas. Gesti\u00f3n de la sanitaria ha permitido mantener el suministro de agua, pese al aumento de poblaci\u00f3n y proliferaci\u00f3n de campamentos. Regi\u00f3n de Coquimbo, Junio del 2022.<\/p>\n","protected":false},"author":1,"featured_media":1093,"comment_status":"closed","ping_status":"open","sticky":false,"template":"","format":"standard","meta":{"footnotes":""},"categories":[45],"tags":[],"class_list":["post-1092","post","type-post","status-publish","format-standard","has-post-thumbnail","hentry","category-aguas-del-valle"],"_links":{"self":[{"href":"https:\/\/minutaregional.cl\/index.php?rest_route=\/wp\/v2\/posts\/1092","targetHints":{"allow":["GET"]}}],"collection":[{"href":"https:\/\/minutaregional.cl\/index.php?rest_route=\/wp\/v2\/posts"}],"about":[{"href":"https:\/\/minutaregional.cl\/index.php?rest_route=\/wp\/v2\/types\/post"}],"author":[{"embeddable":true,"href":"https:\/\/minutaregional.cl\/index.php?rest_route=\/wp\/v2\/users\/1"}],"replies":[{"embeddable":true,"href":"https:\/\/minutaregional.cl\/index.php?rest_route=%2Fwp%2Fv2%2Fcomments&post=1092"}],"version-history":[{"count":1,"href":"https:\/\/minutaregional.cl\/index.php?rest_route=\/wp\/v2\/posts\/1092\/revisions"}],"predecessor-version":[{"id":1094,"href":"https:\/\/minutaregional.cl\/index.php?rest_route=\/wp\/v2\/posts\/1092\/revisions\/1094"}],"wp:featuredmedia":[{"embeddable":true,"href":"https:\/\/minutaregional.cl\/index.php?rest_route=\/wp\/v2\/media\/1093"}],"wp:attachment":[{"href":"https:\/\/minutaregional.cl\/index.php?rest_route=%2Fwp%2Fv2%2Fmedia&parent=1092"}],"wp:term":[{"taxonomy":"category","embeddable":true,"href":"https:\/\/minutaregional.cl\/index.php?rest_route=%2Fwp%2Fv2%2Fcategories&post=1092"},{"taxonomy":"post_tag","embeddable":true,"href":"https:\/\/minutaregional.cl\/index.php?rest_route=%2Fwp%2Fv2%2Ftags&post=1092"}],"curies":[{"name":"wp","href":"https:\/\/api.w.org\/{rel}","templated":true}]}}