{"id":1088,"date":"2022-06-19T16:52:22","date_gmt":"2022-06-19T16:52:22","guid":{"rendered":"https:\/\/minutaregional.cl\/?p=1088"},"modified":"2022-06-19T16:52:22","modified_gmt":"2022-06-19T16:52:22","slug":"diputado-manouchehri-debemos-apoyar-y-reforzar-a-la-pdi-en-su-lucha-contra-el-crimen","status":"publish","type":"post","link":"https:\/\/minutaregional.cl\/?p=1088","title":{"rendered":"Diputado Manouchehri: \u201cDebemos Apoyar y Reforzar a la PDI en su Lucha Contra el Crimen\u201d"},"content":{"rendered":"<audio class=\"wp-audio-shortcode\" id=\"audio-1088-1\" preload=\"none\" style=\"width: 100%;\" controls=\"controls\"><source type=\"audio\/mpeg\" src=\"https:\/\/minutaregional.cl\/wp-content\/uploads\/2022\/06\/CUNA-D-Manouchehri-PDI-jun22.mp3?_=1\" \/><a href=\"https:\/\/minutaregional.cl\/wp-content\/uploads\/2022\/06\/CUNA-D-Manouchehri-PDI-jun22.mp3\">https:\/\/minutaregional.cl\/wp-content\/uploads\/2022\/06\/CUNA-D-Manouchehri-PDI-jun22.mp3<\/a><\/audio>\n<p>AUDIO: <strong>Diputado Daniel Manouchehri<\/strong><\/p>\n<p style=\"text-align: justify;\">Coquimbo Junio 2022.- Luego de asistir al aniversario 89 de la Polic\u00eda De Investigaciones en la comuna de Coquimbo, el <strong>diputado Daniel Manouchehri<\/strong> hizo un llamado a reforzar el rol de la PDI en la lucha contra la delincuencia.<\/p>\n<p style=\"text-align: justify;\"><em>\u00a0<\/em><em>\u201cLa Polic\u00eda de Investigaciones juega un rol fundamental en el combate al crimen organizado, al narcotr\u00e1fico y la corrupci\u00f3n. Hoy debemos reforzar la PDI para que cuenten con m\u00e1s herramientas, que hagan m\u00e1s \u00e1gil la investigaci\u00f3n y detenci\u00f3n de los delincuentes\u201d,<\/em> indic\u00f3 el legislador en el acto que comenz\u00f3 a las 7:30 AM de este domingo. Al evento tambi\u00e9n concurri\u00f3 el alcalde de Coquimbo Ali Manouchehri, como gesto de apoyo a la instituci\u00f3n.<\/p>\n<p style=\"text-align: justify;\">El diputado, adem\u00e1s, se reuni\u00f3 con el Subprefecto de Coquimbo<strong> Jos\u00e9 Ortega<\/strong>, para conversar sobre diversas aristas ligadas a la lucha contra la delincuencia. El parlamentario afirm\u00f3 que <em>\u201ceste di\u00e1logo nos permite poder saber de mejor manera qu\u00e9 cambios legislativos se requieren para tener m\u00e1s efectividad en el combate al delito\u201d<\/em>.<\/p>\n<p style=\"text-align: justify;\">Igualmente <strong>Manouchehri<\/strong> se\u00f1al\u00f3 que es importante ampliar el contingente de las polic\u00edas: <em>\u201cVemos c\u00f3mo hay mucho inter\u00e9s por ingresar a la Polic\u00eda de Investigaciones. Se hace relevante poder inyectar m\u00e1s recursos para que m\u00e1s personas puedan ingresar a la escuela, y as\u00ed aumentar el contingente\u201d<\/em>.<\/p>\n","protected":false},"excerpt":{"rendered":"<p>AUDIO: Diputado Daniel Manouchehri Coquimbo Junio 2022.- Luego de asistir al aniversario 89 de la Polic\u00eda De Investigaciones en la comuna de Coquimbo, el diputado Daniel Manouchehri hizo un llamado a reforzar el rol de la PDI en la lucha contra la delincuencia. \u00a0\u201cLa Polic\u00eda de Investigaciones juega un rol<\/p>\n","protected":false},"author":1,"featured_media":1090,"comment_status":"closed","ping_status":"open","sticky":false,"template":"","format":"standard","meta":{"footnotes":""},"categories":[26],"tags":[],"class_list":["post-1088","post","type-post","status-publish","format-standard","has-post-thumbnail","hentry","category-camara-de-diputadas-y-diputados"],"_links":{"self":[{"href":"https:\/\/minutaregional.cl\/index.php?rest_route=\/wp\/v2\/posts\/1088","targetHints":{"allow":["GET"]}}],"collection":[{"href":"https:\/\/minutaregional.cl\/index.php?rest_route=\/wp\/v2\/posts"}],"about":[{"href":"https:\/\/minutaregional.cl\/index.php?rest_route=\/wp\/v2\/types\/post"}],"author":[{"embeddable":true,"href":"https:\/\/minutaregional.cl\/index.php?rest_route=\/wp\/v2\/users\/1"}],"replies":[{"embeddable":true,"href":"https:\/\/minutaregional.cl\/index.php?rest_route=%2Fwp%2Fv2%2Fcomments&post=1088"}],"version-history":[{"count":1,"href":"https:\/\/minutaregional.cl\/index.php?rest_route=\/wp\/v2\/posts\/1088\/revisions"}],"predecessor-version":[{"id":1091,"href":"https:\/\/minutaregional.cl\/index.php?rest_route=\/wp\/v2\/posts\/1088\/revisions\/1091"}],"wp:featuredmedia":[{"embeddable":true,"href":"https:\/\/minutaregional.cl\/index.php?rest_route=\/wp\/v2\/media\/1090"}],"wp:attachment":[{"href":"https:\/\/minutaregional.cl\/index.php?rest_route=%2Fwp%2Fv2%2Fmedia&parent=1088"}],"wp:term":[{"taxonomy":"category","embeddable":true,"href":"https:\/\/minutaregional.cl\/index.php?rest_route=%2Fwp%2Fv2%2Fcategories&post=1088"},{"taxonomy":"post_tag","embeddable":true,"href":"https:\/\/minutaregional.cl\/index.php?rest_route=%2Fwp%2Fv2%2Ftags&post=1088"}],"curies":[{"name":"wp","href":"https:\/\/api.w.org\/{rel}","templated":true}]}}