{"id":1079,"date":"2022-06-12T17:30:10","date_gmt":"2022-06-12T17:30:10","guid":{"rendered":"https:\/\/minutaregional.cl\/?p=1079"},"modified":"2022-06-12T17:32:03","modified_gmt":"2022-06-12T17:32:03","slug":"diputado-manouchehri-boric-debe-dar-una-lucha-frontal-a-la-delincuencia-que-dejo-pinera","status":"publish","type":"post","link":"https:\/\/minutaregional.cl\/?p=1079","title":{"rendered":"Diputado Manouchehri: \u201cBoric Debe Dar una Lucha Frontal a la Delincuencia que Dej\u00f3 Pi\u00f1era\u201d"},"content":{"rendered":"<p style=\"text-align: justify;\"><strong>El Diputado Daniel Manouchehri hizo un llamado al gobierno a abordar con fuerza el tema de la delincuencia, luego del crimen del cabo segundo de la instituci\u00f3n policial David Florido,<\/strong>\u00a0quien muri\u00f3 de un disparo en la cabeza en medio de un procedimiento en\u00a0<strong>Pedro Aguirre Cerda<\/strong>, Regi\u00f3n Metropolitana.<\/p>\n<p style=\"text-align: justify;\"><strong>\u00a0<\/strong>\u00a0\u00a0\u00a0\u00a0\u00a0\u00a0\u00a0\u00a0\u00a0\u00a0\u00a0\u00a0\u00a0\u00a0\u00a0\u00a0\u00a0\u00a0\u00a0\u00a0\u00a0\u00a0\u00a0\u00a0\u00a0\u00a0\u00a0\u00a0\u00a0\u00a0\u00a0\u00a0\u00a0\u00a0\u00a0 El diputado Daniel Manouchehri se\u00f1al\u00f3 que \u201cla situaci\u00f3n de delincuencia es el peor legado que dejo el gobierno de Pi\u00f1era. La fiesta no se acab\u00f3, sino que se hizo m\u00e1s larga e impune. Los delincuentes se armaron, muchos con armamento militar. El crimen organizado avanz\u00f3.<\/p>\n<p style=\"text-align: justify;\">\u00a0\u00a0\u00a0\u00a0\u00a0\u00a0\u00a0\u00a0\u00a0\u00a0\u00a0\u00a0\u00a0\u00a0\u00a0\u00a0\u00a0\u00a0\u00a0\u00a0\u00a0\u00a0\u00a0\u00a0\u00a0\u00a0\u00a0\u00a0\u00a0\u00a0\u00a0\u00a0\u00a0\u00a0\u00a0 En esta l\u00ednea, el parlamentario apunt\u00f3 a que \u201cel Presidente Boric debe dar una lucha frontal a la delincuencia que dej\u00f3 Pi\u00f1era. Se debe hacer una agenda anti delincuencia, con foco en capturar y velar por que las penas sean efectivas. Las polic\u00edas y los fiscales deben luchar para que estos cr\u00edmenes no queden impunes\u201d.<\/p>\n<p style=\"text-align: justify;\">\u00a0\u00a0\u00a0\u00a0\u00a0\u00a0\u00a0\u00a0\u00a0\u00a0\u00a0\u00a0\u00a0\u00a0\u00a0\u00a0\u00a0\u00a0\u00a0\u00a0\u00a0\u00a0\u00a0\u00a0\u00a0\u00a0\u00a0\u00a0\u00a0\u00a0\u00a0\u00a0\u00a0\u00a0\u00a0 Para abordar el tema de la delincuencia, el diputado del PS hizo un llamado a construir acuerdos y emplaz\u00f3 a los partidos de gobierno: \u201cEs momento de un gran acuerdo nacional contra el crimen organizado. Los partidos de gobierno deben entender esto, en especial aquellos sectores que por motivos ideol\u00f3gicos rechazan las medidas anti delincuencia. Est\u00e1 bien, hay que pensar en medidas sociales a largo plazo, pero el crimen organizado est\u00e1 actuando hoy, y el estado de chile, debe responder con fuerza hoy, no ma\u00f1ana\u201d, finaliz\u00f3 Manouchehri.<\/p>\n","protected":false},"excerpt":{"rendered":"<p>El Diputado Daniel Manouchehri hizo un llamado al gobierno a abordar con fuerza el tema de la delincuencia, luego del crimen del cabo segundo de la instituci\u00f3n policial David Florido,\u00a0quien muri\u00f3 de un disparo en la cabeza en medio de un procedimiento en\u00a0Pedro Aguirre Cerda, Regi\u00f3n Metropolitana. \u00a0\u00a0\u00a0\u00a0\u00a0\u00a0\u00a0\u00a0\u00a0\u00a0\u00a0\u00a0\u00a0\u00a0\u00a0\u00a0\u00a0\u00a0\u00a0\u00a0\u00a0\u00a0\u00a0\u00a0\u00a0\u00a0\u00a0\u00a0\u00a0\u00a0\u00a0\u00a0\u00a0\u00a0\u00a0\u00a0 El diputado<\/p>\n","protected":false},"author":1,"featured_media":1080,"comment_status":"closed","ping_status":"open","sticky":false,"template":"","format":"standard","meta":{"footnotes":""},"categories":[26],"tags":[],"class_list":["post-1079","post","type-post","status-publish","format-standard","has-post-thumbnail","hentry","category-camara-de-diputadas-y-diputados"],"_links":{"self":[{"href":"https:\/\/minutaregional.cl\/index.php?rest_route=\/wp\/v2\/posts\/1079","targetHints":{"allow":["GET"]}}],"collection":[{"href":"https:\/\/minutaregional.cl\/index.php?rest_route=\/wp\/v2\/posts"}],"about":[{"href":"https:\/\/minutaregional.cl\/index.php?rest_route=\/wp\/v2\/types\/post"}],"author":[{"embeddable":true,"href":"https:\/\/minutaregional.cl\/index.php?rest_route=\/wp\/v2\/users\/1"}],"replies":[{"embeddable":true,"href":"https:\/\/minutaregional.cl\/index.php?rest_route=%2Fwp%2Fv2%2Fcomments&post=1079"}],"version-history":[{"count":1,"href":"https:\/\/minutaregional.cl\/index.php?rest_route=\/wp\/v2\/posts\/1079\/revisions"}],"predecessor-version":[{"id":1081,"href":"https:\/\/minutaregional.cl\/index.php?rest_route=\/wp\/v2\/posts\/1079\/revisions\/1081"}],"wp:featuredmedia":[{"embeddable":true,"href":"https:\/\/minutaregional.cl\/index.php?rest_route=\/wp\/v2\/media\/1080"}],"wp:attachment":[{"href":"https:\/\/minutaregional.cl\/index.php?rest_route=%2Fwp%2Fv2%2Fmedia&parent=1079"}],"wp:term":[{"taxonomy":"category","embeddable":true,"href":"https:\/\/minutaregional.cl\/index.php?rest_route=%2Fwp%2Fv2%2Fcategories&post=1079"},{"taxonomy":"post_tag","embeddable":true,"href":"https:\/\/minutaregional.cl\/index.php?rest_route=%2Fwp%2Fv2%2Ftags&post=1079"}],"curies":[{"name":"wp","href":"https:\/\/api.w.org\/{rel}","templated":true}]}}