{"id":1072,"date":"2022-06-07T20:15:09","date_gmt":"2022-06-07T20:15:09","guid":{"rendered":"https:\/\/minutaregional.cl\/?p=1072"},"modified":"2022-06-07T20:15:09","modified_gmt":"2022-06-07T20:15:09","slug":"concejales-de-andacollo-se-reunieron-con-subsecretaria-de-prevencion-del-delito-en-santiago-por-escasa-dotacion-policial-y-aumento-de-hechos-delictuales","status":"publish","type":"post","link":"https:\/\/minutaregional.cl\/?p=1072","title":{"rendered":"CONCEJALES DE ANDACOLLO SE REUNIERON CON SUBSECRETAR\u00cdA DE PREVENCI\u00d3N DEL DELITO EN SANTIAGO POR ESCASA DOTACI\u00d3N POLICIAL Y AUMENTO DE HECHOS DELICTUALES"},"content":{"rendered":"<p style=\"text-align: justify;\"><strong>Poco m\u00e1s de 11 mil habitantes tiene la comuna de Andacollo, sin embargo, solo cuenta con 16 efectivos policiales. Ese escenario, junto con el aumento de hechos delictuales in\u00e9ditos en la comuna, fue el motivo por el cual se reunieron concejales de la ciudad junto con el <\/strong><strong>jefe de divisi\u00f3n territorial de la Subsecretar\u00eda de Prevenci\u00f3n del Delito, donde abordaron el complejo momento de inseguridad que atraviesa Andacollo.<\/strong><\/p>\n<p style=\"text-align: justify;\">Resolver los problemas de seguridad en todo el territorio nacional se ha tomado la agenda p\u00fablica en el \u00faltimo tiempo. Este panorama deaumento delictual se ve reflejado en las cifras entregadas por elinforme de la Polic\u00eda de Investigaciones (PDI) que destaca que entre enero y mayo de este a\u00f1o se han registrado 351 homicidios (368 si se suman femicidios, parricidios e infanticidios), aumento que representa un 26,7% respecto a estos mismos delitos en el mismo per\u00edodo del 2021.<\/p>\n<p style=\"text-align: justify;\">Considerando ese escenario nacional, una delegaci\u00f3n de concejales de la comuna de Andacollo se reunieron con el jefe de divisi\u00f3n territorial de la Subsecretar\u00eda de Prevenci\u00f3n del Delito, Adolfo Gonz\u00e1lez, para buscar respuestas frente a la escalada de delincuencia que afecta a la comuna hace alg\u00fan tiempo.<\/p>\n<p style=\"text-align: justify;\">En la cita, participaron los concejales Javier Cifuentes, Rene Olivares y Constanza Rojas junto a Marcelo Ahumada, administrador municipal y Jorge Retamal, encargado de seguridad de la municipalidad de Andacollo. Adem\u00e1s, particip\u00f3 el equipo legal de la diputada por Coquimbo, Nathalie Castillo -gestores de la cita- representado por la abogada Marta Valenzuela. La reuni\u00f3n permiti\u00f3 entregar un diagn\u00f3stico sobre la falta de recursos que afecta al municipio y a Carabineros de Andacollo, en un contexto aumento de la delincuencia y del microtr\u00e1fico.<\/p>\n<p style=\"text-align: justify;\">El concejal Javier Cifuentes, expres\u00f3 sentirse abandonados por el gobierno anterior en materia de seguridad y destac\u00f3 el aumento de situaciones inusuales en Andacollo, como el homicidio de dos personas por armas de fuego y otros casos de heridos de bala.<\/p>\n<p style=\"text-align: justify;\">\u201cNos sentimos desprotegidos por el Estado, por no tener su amparo para poder obtener recursos como c\u00e1maras, drones y m\u00e1s dotaci\u00f3n de polic\u00edas. Es importante visibilizar \u00e9sta situaci\u00f3n que vivimos como comuna, porque tenemos grandes problemas que les deben preocupar a las autoridades\u201d, remarc\u00f3 Cifuentes, quien destac\u00f3 que es urgente recuperar la confianza de la ciudadan\u00eda y resolver problemas que los perjudican en su vida cotidiana.<\/p>\n<p style=\"text-align: justify;\">Dentro de las peticiones realizadas por los concejalesfueron el aumento de efectivos de Carabineros, la simplificaci\u00f3n del proceso para postulaci\u00f3n a proyectos de seguridad y fondos para adquirir equipamientos,la disposici\u00f3n de drones y c\u00e1maras de televigilancia para la comuna, as\u00ed como la entrega de una camioneta 4&#215;4 para el traslado de Carabineros enzona rurales.<\/p>\n<p style=\"text-align: justify;\">Marcelo Ahumada, administrador municipal y quien ofici\u00f3 de alcalde subrogante en la cita, se\u00f1al\u00f3 que en la reuni\u00f3n dejaron claras sus demandas, adem\u00e1s de agradecer la ayuda de la subsecretar\u00eda para no caer en \u201cerrores t\u00e9cnicos\u201d que les impidan acceder a fondos.<\/p>\n<p style=\"text-align: justify;\">\u201cHicimos ver la falta de herramientas t\u00e9cnicas de Carabineros, as\u00ed como la carencia de veh\u00edculos e implementaci\u00f3n, y la baja dotaci\u00f3n de personal de seguridad. Tambi\u00e9n expresamos la situaci\u00f3n de incidencia del tr\u00e1fico de drogas y la falta de medios de prueba ya que no contamos con c\u00e1maras de vigilancia. Aparte de la dotaci\u00f3n de Carabineros, en nuestra comuna no hay Polic\u00eda de Investigaciones que permitan el trabajo conjunto\u201d, se\u00f1al\u00f3 el administrador municipal.<\/p>\n<p style=\"text-align: justify;\">Las autoridades comunales destacaron que con recursos estatales m\u00e1s fondos municipales podr\u00e1n adquirir c\u00e1maras y proveer\u00e1n de otras GoPro a Carabineros que permitan funcionar como medios de prueba fuenteFiscal\u00eda.\u00a0 \u201cLo m\u00e1s importante de la reuni\u00f3n sostenida con la Subsecretar\u00eda de Prevenci\u00f3n del Delito, fue que presentamos la situaci\u00f3n de necesidades en materia de seguridad que enfrenta Andacollo,y que est\u00e1 ya est\u00e1 visualizada por las autoridades nacionales en busca de soluciones\u201d, concluy\u00f3 Ahumada.<\/p>\n","protected":false},"excerpt":{"rendered":"<p>Poco m\u00e1s de 11 mil habitantes tiene la comuna de Andacollo, sin embargo, solo cuenta con 16 efectivos policiales. Ese escenario, junto con el aumento de hechos delictuales in\u00e9ditos en la comuna, fue el motivo por el cual se reunieron concejales de la ciudad junto con el jefe de divisi\u00f3n<\/p>\n","protected":false},"author":1,"featured_media":1073,"comment_status":"closed","ping_status":"open","sticky":false,"template":"","format":"standard","meta":{"footnotes":""},"categories":[26],"tags":[],"class_list":["post-1072","post","type-post","status-publish","format-standard","has-post-thumbnail","hentry","category-camara-de-diputadas-y-diputados"],"_links":{"self":[{"href":"https:\/\/minutaregional.cl\/index.php?rest_route=\/wp\/v2\/posts\/1072","targetHints":{"allow":["GET"]}}],"collection":[{"href":"https:\/\/minutaregional.cl\/index.php?rest_route=\/wp\/v2\/posts"}],"about":[{"href":"https:\/\/minutaregional.cl\/index.php?rest_route=\/wp\/v2\/types\/post"}],"author":[{"embeddable":true,"href":"https:\/\/minutaregional.cl\/index.php?rest_route=\/wp\/v2\/users\/1"}],"replies":[{"embeddable":true,"href":"https:\/\/minutaregional.cl\/index.php?rest_route=%2Fwp%2Fv2%2Fcomments&post=1072"}],"version-history":[{"count":1,"href":"https:\/\/minutaregional.cl\/index.php?rest_route=\/wp\/v2\/posts\/1072\/revisions"}],"predecessor-version":[{"id":1074,"href":"https:\/\/minutaregional.cl\/index.php?rest_route=\/wp\/v2\/posts\/1072\/revisions\/1074"}],"wp:featuredmedia":[{"embeddable":true,"href":"https:\/\/minutaregional.cl\/index.php?rest_route=\/wp\/v2\/media\/1073"}],"wp:attachment":[{"href":"https:\/\/minutaregional.cl\/index.php?rest_route=%2Fwp%2Fv2%2Fmedia&parent=1072"}],"wp:term":[{"taxonomy":"category","embeddable":true,"href":"https:\/\/minutaregional.cl\/index.php?rest_route=%2Fwp%2Fv2%2Fcategories&post=1072"},{"taxonomy":"post_tag","embeddable":true,"href":"https:\/\/minutaregional.cl\/index.php?rest_route=%2Fwp%2Fv2%2Ftags&post=1072"}],"curies":[{"name":"wp","href":"https:\/\/api.w.org\/{rel}","templated":true}]}}