{"id":1069,"date":"2022-06-07T19:17:28","date_gmt":"2022-06-07T19:17:28","guid":{"rendered":"https:\/\/minutaregional.cl\/?p=1069"},"modified":"2022-06-07T19:17:29","modified_gmt":"2022-06-07T19:17:29","slug":"familias-de-la-serena-y-coquimbo-recorren-la-bahia-de-coquimbo-apoyadas-por-programa-social","status":"publish","type":"post","link":"https:\/\/minutaregional.cl\/?p=1069","title":{"rendered":"Familias de La Serena y Coquimbo Recorren la Bah\u00eda de Coquimbo Apoyadas por Programa Social"},"content":{"rendered":"<ul>\n<li style=\"text-align: justify;\"><strong><em>Gracias al trabajo del programa \u201cAbriendo Caminos\u201d se organiz\u00f3 una actividad familiar este fin de semana, convocando a unos 60 ni\u00f1os, ni\u00f1as y adolescentes para viajar a bordo de los conocidos paseos tur\u00edsticos por la costa. <\/em><\/strong><\/li>\n<\/ul>\n<p style=\"text-align: justify;\"><strong>\u00a0<\/strong>Con emoci\u00f3n y asombro vivieron las 20 familias que participaron este s\u00e1bado de un paseo por la bah\u00eda de Coquimbo. Una actividad organizada por el Programa Abriendo Caminos en conjunto con el municipio porte\u00f1o.<\/p>\n<p style=\"text-align: justify;\">A bordo del \u201cHoland\u00e9s Errante\u201d, unos 60 ni\u00f1os, ni\u00f1as y adolescentes pudieron conocer la historia y detalles propios de la bah\u00eda coquimbana.<\/p>\n<p style=\"text-align: justify;\"><strong>\u201cEstamos felices con esta oportunidad, porque muchos de nosotros no tenemos las facilidades para sacar a pasear a los ni\u00f1os\u201d<\/strong>, indic\u00f3 Victoria Reyes, usuaria del programa, en tanto la usuaria Catalina Valera, acot\u00f3 que <strong>\u201ceste es un programa so\u00f1ado, hay buen equipo y estamos trabajando con ellos, es entretenido y aprendemos a fortalecernos m\u00e1s como familias\u201d.<\/strong><\/p>\n<p style=\"text-align: justify;\"><strong>\u00a0<\/strong>Se trat\u00f3 de una de las tantas actividades sociales que desarrolla esta iniciativa que atiende ni\u00f1os, ni\u00f1as y adolescentes de hasta 18 a\u00f1os que tienen a uno de sus familiares privado de libertad.<\/p>\n<p style=\"text-align: justify;\"><strong>\u00a0<\/strong>En este sentido, el Delegado Presidencial, Rub\u00e9n Quezada, destac\u00f3 que <strong>\u201caqu\u00ed las familias reciben un acompa\u00f1amiento muy importante. \u00c9ste es un programa que les abre la puerta para que puedan emprender, capacitarse, e incluso acceder a la educaci\u00f3n. Y esta actividad iba en esa l\u00ednea, la de fortalecer los v\u00ednculos familiares y demostrar que se pueden hacer cosas y que ellos puedan aprovechar las herramientas que como Gobierno estamos poniendo a su disposici\u00f3n\u201d<\/strong>.<\/p>\n<p style=\"text-align: justify;\"><strong>\u00a0<\/strong>Y es que a trav\u00e9s del programa, que lleva adelante la Delegaci\u00f3n Presidencial Regional en convenio con la Seremi de Desarrollo Social, se entrega apoyo para mantener a los menores de edad en el sistema escolar, as\u00ed como facilitar el acceso de sus familias a m\u00faltiples beneficios.<\/p>\n<p style=\"text-align: justify;\"><strong>\u00a0<\/strong>El tour tambi\u00e9n cont\u00f3 con el apoyo del sindicato \u00abLos Changos\u00bb, la cooperativa Runalamana y la corporaci\u00f3n Bah\u00eda Coquimbo. <strong>\u201cTrabajar con ellos fue algo muy altruista, nos llena y nos aporta como crecimiento personal. Poner el barco y el servicio hacia ellos, fue una muy linda experiencia\u201d<\/strong>, se\u00f1al\u00f3 Benjamin Miranda, gu\u00eda del Holand\u00e9s Errante<\/p>\n<p style=\"text-align: justify;\">Entre las iniciativas ejecutadas por Abriendo Caminos, tambi\u00e9n destacan actividades deportivas y culturales, una de ellas efectuada en la sede vecinal \u201cLos Torreones\u201d; las capacitaciones de vivienda, seguridad y beneficios estatales, junto con operativos informativos a los NNA para acercarles los servicios del estado para que sus familias puedan realizar tr\u00e1mites y consultas.<\/p>\n","protected":false},"excerpt":{"rendered":"<p>Gracias al trabajo del programa \u201cAbriendo Caminos\u201d se organiz\u00f3 una actividad familiar este fin de semana, convocando a unos 60 ni\u00f1os, ni\u00f1as y adolescentes para viajar a bordo de los conocidos paseos tur\u00edsticos por la costa. \u00a0Con emoci\u00f3n y asombro vivieron las 20 familias que participaron este s\u00e1bado de un<\/p>\n","protected":false},"author":1,"featured_media":1070,"comment_status":"closed","ping_status":"open","sticky":false,"template":"","format":"standard","meta":{"footnotes":""},"categories":[36],"tags":[],"class_list":["post-1069","post","type-post","status-publish","format-standard","has-post-thumbnail","hentry","category-dppcoquimbo"],"_links":{"self":[{"href":"https:\/\/minutaregional.cl\/index.php?rest_route=\/wp\/v2\/posts\/1069","targetHints":{"allow":["GET"]}}],"collection":[{"href":"https:\/\/minutaregional.cl\/index.php?rest_route=\/wp\/v2\/posts"}],"about":[{"href":"https:\/\/minutaregional.cl\/index.php?rest_route=\/wp\/v2\/types\/post"}],"author":[{"embeddable":true,"href":"https:\/\/minutaregional.cl\/index.php?rest_route=\/wp\/v2\/users\/1"}],"replies":[{"embeddable":true,"href":"https:\/\/minutaregional.cl\/index.php?rest_route=%2Fwp%2Fv2%2Fcomments&post=1069"}],"version-history":[{"count":1,"href":"https:\/\/minutaregional.cl\/index.php?rest_route=\/wp\/v2\/posts\/1069\/revisions"}],"predecessor-version":[{"id":1071,"href":"https:\/\/minutaregional.cl\/index.php?rest_route=\/wp\/v2\/posts\/1069\/revisions\/1071"}],"wp:featuredmedia":[{"embeddable":true,"href":"https:\/\/minutaregional.cl\/index.php?rest_route=\/wp\/v2\/media\/1070"}],"wp:attachment":[{"href":"https:\/\/minutaregional.cl\/index.php?rest_route=%2Fwp%2Fv2%2Fmedia&parent=1069"}],"wp:term":[{"taxonomy":"category","embeddable":true,"href":"https:\/\/minutaregional.cl\/index.php?rest_route=%2Fwp%2Fv2%2Fcategories&post=1069"},{"taxonomy":"post_tag","embeddable":true,"href":"https:\/\/minutaregional.cl\/index.php?rest_route=%2Fwp%2Fv2%2Ftags&post=1069"}],"curies":[{"name":"wp","href":"https:\/\/api.w.org\/{rel}","templated":true}]}}