{"id":1063,"date":"2022-06-07T01:43:16","date_gmt":"2022-06-07T01:43:16","guid":{"rendered":"https:\/\/minutaregional.cl\/?p=1063"},"modified":"2022-06-07T01:43:16","modified_gmt":"2022-06-07T01:43:16","slug":"nueva-mesa-productiva-promueve-la-coordinacion-publico-privada-para-impulsar-el-desarrollo-regional","status":"publish","type":"post","link":"https:\/\/minutaregional.cl\/?p=1063","title":{"rendered":"Nueva Mesa Productiva Promueve la Coordinaci\u00f3n P\u00fablico-Privada para Impulsar el Desarrollo Regional"},"content":{"rendered":"<p style=\"text-align: justify;\"><strong>La iniciativa constituye una instancia de encuentro y trabajo colaborativo multisectorial, con foco en temas como la empleabilidad, gesti\u00f3n del agua y sustentabilidad, entre otros. Se espera que contribuya a mejorar la articulaci\u00f3n de recursos, capacidades y actores con competencia en cada materia, de modo de dinamizar a la regi\u00f3n.<\/strong><\/p>\n<p style=\"text-align: justify;\">Con la intenci\u00f3n de instalar una plataforma de trabajo colaborativo en donde puedan confluir los esfuerzos tanto del mundo privado como del sector p\u00fablico, la Corporaci\u00f3n Industrial para el Desarrollo Regional de Coquimbo (CIDERE) convoc\u00f3 a la conformaci\u00f3n de una Mesa Productiva, instancia que buscar\u00e1 dise\u00f1ar planes \u2013con objetivos medibles\u2013 para aumentar la productividad de los diferentes sectores, alineados con las pol\u00edticas definidas desde la administraci\u00f3n gubernamental, fundamentalmente, el Gobierno Regional.<\/p>\n<p style=\"text-align: justify;\">A trav\u00e9s de esta mesa, se pretende reunir a representantes de \u00e1mbitos como miner\u00eda, infraestructura, agua, energ\u00eda, conectividad, educaci\u00f3n y fomento productivo, entre otros, para coordinar acciones que orienten los ejes productivos de la regi\u00f3n, con la finalidad de lograr sinergias y una mejor utilizaci\u00f3n de los recursos p\u00fablico-privados. Ser\u00e1 liderada por Francisco Puga, en su calidad de presidente de CIDERE Coquimbo, y estar\u00e1 constituida por representantes de las industrias socias de la entidad gremial. Sesionar\u00e1 en forma mensual, siendo invitados a sus reuniones actores de la comunidad organizada, representantes de universidades, empresas e instituciones p\u00fablicas.<\/p>\n<p style=\"text-align: justify;\">Entre las tem\u00e1ticas que se propone abordar figuran el desarrollo de proveedores; la formulaci\u00f3n de una agenda para implementar y profundizar pr\u00e1cticas sustentables y de impacto social en las empresas socias de CIDERE Coquimbo, y el levantamiento de una agenda para el fortalecimiento de la educaci\u00f3n.<\/p>\n<p style=\"text-align: justify;\">As\u00ed qued\u00f3 establecido en la primera sesi\u00f3n de la mesa, a la que asistieron Ricardo Guerrero, gerente de CIDERE Coquimbo y moderador de la mesa; Julio Araya, gerente de la Divisi\u00f3n Inmobiliaria de Inmobiliaria Serena; Andr\u00e9s Nazer, gerente general de Aguas del Valle; Fernando Velasco, encargado de Relaciones Institucionales de Minera Los Pelambres (MLP); Mauricio Rebolledo, director de Sostenibilidad de ISA InterChile; Cristian Salinas, CEO de TELCONOR; Cristian Morales, director del Mag\u00edster de la Escuela de Ciencias Econ\u00f3micas y Empresariales y del Instituto de Pol\u00edticas P\u00fablicas de la Universidad Cat\u00f3lica del Norte sede Coquimbo; Juan Hasfura, profesional de la Divisi\u00f3n de Desarrollo Productivo e Industria del Gobierno Regional de Coquimbo, junto a la ingeniera de proyectos de CIDERE Coquimbo, Pamela Quiroga.<\/p>\n<p style=\"text-align: justify;\">Las expectativas sobre el desempe\u00f1o de esta nueva instancia resultaron esperanzadoras. As\u00ed, Mauricio Rebolledo resalt\u00f3 la importancia de \u201cque el sector privado impulse estas iniciativas de articulaci\u00f3n, pues logrando mejorar el entorno territorial, generando valor compartido, logramos viabilizar las grandes inversiones que la regi\u00f3n necesita. Las empresas exitosas trabajan tambi\u00e9n por el \u00e9xito del territorio que las acoge, y eso es lo que iniciamos como Mesa Productiva de CIDERE Coquimbo\u201d.<\/p>\n<p style=\"text-align: justify;\">Su par, Cristian Morales, opin\u00f3 que \u201cel trabajo colaborativo entre el sector p\u00fablico y privado es fundamental a la hora de proyectar el desarrollo de nuestra regi\u00f3n. La Mesa Productiva propone un puente entre ambos sectores, alineando objetivos comunes y definiendo prioridades regionales en temas de empleo, inversi\u00f3n y fomento productivo\u201d.<\/p>\n<p style=\"text-align: justify;\">Mientras que Fernando Velasco subray\u00f3 que, desde MLP, \u201cestamos convencidos que el trabajo conjunto nos permitir\u00e1 alcanzar un mayor involucramiento con las empresas que componen la corporaci\u00f3n y, de esta forma, reforzar las acciones de encadenamiento productivo que permitan avanzar en el desarrollo de la regi\u00f3n de Coquimbo\u201d.<\/p>\n<p style=\"text-align: justify;\"><strong>Prioridades en empleo, agua y sustentabilidad<\/strong><\/p>\n<p style=\"text-align: justify;\">La primera reuni\u00f3n de la mesa permiti\u00f3 identificar temas de alta relevancia para la regi\u00f3n y en donde puede materializarse una virtuosa colaboraci\u00f3n p\u00fablico-privada. Los principales son la generaci\u00f3n de empleo, la sustentabilidad y afrontar la crisis de los recursos h\u00eddricos que afecta a la regi\u00f3n.<\/p>\n<p style=\"text-align: justify;\">En todos estos campos se identific\u00f3 propuestas preliminares de acci\u00f3n, tales como el apoyo desde las universidades a los municipios en la formulaci\u00f3n de proyectos, con miras a acelerar sus procesos de tramitaci\u00f3n, aprobaci\u00f3n t\u00e9cnica y financiamiento; el dise\u00f1o de programas de desarrollo territorial en donde confluyan las empresas y el estado, recogiendo experiencias exitosas en otras regiones y que permitan abordar en conjunto retos como la formaci\u00f3n de capital humano especializado (en \u00e1reas como la instalaci\u00f3n de parques e\u00f3licos y fotovoltaicos, de modo de aumentar el uso de mano de obra local), acuerdos de producci\u00f3n limpia e incorporaci\u00f3n de energ\u00edas limpias a la cadena productiva; planes para aumentar la eficiencia en el uso del agua e incrementar la disponibilidad (por ejemplo, mediante proyectos de plantas desaladoras).<\/p>\n<p style=\"text-align: justify;\">Tambi\u00e9n en materia h\u00eddrica, se hizo hincapi\u00e9 en la necesidad de articular mejor los recursos ya existentes con las necesidades y las diversas capacidades de gesti\u00f3n con que cuenta la regi\u00f3n \u2013evitando duplicidad de esfuerzos y generando econom\u00edas de escala\u2013, e igualmente, articular a los m\u00faltiples actores involucrados o con competencia en la materia.<\/p>\n<p style=\"text-align: justify;\">Estos y otros t\u00f3picos pasar\u00e1n a formar la base de la planificaci\u00f3n de la Mesa Productiva, la cual se enmarca dentro del plan de acci\u00f3n de CIDERE Coquimbo para el a\u00f1o 2022, en el que figura una variedad de iniciativas dentro de ocho ejes estrat\u00e9gicos: industrial-minero, sustentabilidad, electromovilidad, agua, conectividad, infraestructura, relacionamiento de socios y empleabilidad.<\/p>\n","protected":false},"excerpt":{"rendered":"<p>La iniciativa constituye una instancia de encuentro y trabajo colaborativo multisectorial, con foco en temas como la empleabilidad, gesti\u00f3n del agua y sustentabilidad, entre otros. Se espera que contribuya a mejorar la articulaci\u00f3n de recursos, capacidades y actores con competencia en cada materia, de modo de dinamizar a la regi\u00f3n.<\/p>\n","protected":false},"author":1,"featured_media":1064,"comment_status":"closed","ping_status":"open","sticky":false,"template":"","format":"standard","meta":{"footnotes":""},"categories":[1],"tags":[],"class_list":["post-1063","post","type-post","status-publish","format-standard","has-post-thumbnail","hentry","category-noticias-regionales"],"_links":{"self":[{"href":"https:\/\/minutaregional.cl\/index.php?rest_route=\/wp\/v2\/posts\/1063","targetHints":{"allow":["GET"]}}],"collection":[{"href":"https:\/\/minutaregional.cl\/index.php?rest_route=\/wp\/v2\/posts"}],"about":[{"href":"https:\/\/minutaregional.cl\/index.php?rest_route=\/wp\/v2\/types\/post"}],"author":[{"embeddable":true,"href":"https:\/\/minutaregional.cl\/index.php?rest_route=\/wp\/v2\/users\/1"}],"replies":[{"embeddable":true,"href":"https:\/\/minutaregional.cl\/index.php?rest_route=%2Fwp%2Fv2%2Fcomments&post=1063"}],"version-history":[{"count":1,"href":"https:\/\/minutaregional.cl\/index.php?rest_route=\/wp\/v2\/posts\/1063\/revisions"}],"predecessor-version":[{"id":1065,"href":"https:\/\/minutaregional.cl\/index.php?rest_route=\/wp\/v2\/posts\/1063\/revisions\/1065"}],"wp:featuredmedia":[{"embeddable":true,"href":"https:\/\/minutaregional.cl\/index.php?rest_route=\/wp\/v2\/media\/1064"}],"wp:attachment":[{"href":"https:\/\/minutaregional.cl\/index.php?rest_route=%2Fwp%2Fv2%2Fmedia&parent=1063"}],"wp:term":[{"taxonomy":"category","embeddable":true,"href":"https:\/\/minutaregional.cl\/index.php?rest_route=%2Fwp%2Fv2%2Fcategories&post=1063"},{"taxonomy":"post_tag","embeddable":true,"href":"https:\/\/minutaregional.cl\/index.php?rest_route=%2Fwp%2Fv2%2Ftags&post=1063"}],"curies":[{"name":"wp","href":"https:\/\/api.w.org\/{rel}","templated":true}]}}