{"id":1060,"date":"2022-06-07T01:22:24","date_gmt":"2022-06-07T01:22:24","guid":{"rendered":"https:\/\/minutaregional.cl\/?p=1060"},"modified":"2022-06-07T01:22:24","modified_gmt":"2022-06-07T01:22:24","slug":"trabajo-con-campamentos-y-personas-en-situacion-de-calle-es-proyectado-colaborativamente-entre-el-core-y-desafio-levantemos-chile","status":"publish","type":"post","link":"https:\/\/minutaregional.cl\/?p=1060","title":{"rendered":"Trabajo con Campamentos y Personas en Situaci\u00f3n de Calle es Proyectado Colaborativamente entre el CORE y Desaf\u00edo Levantemos Chile"},"content":{"rendered":"<p style=\"text-align: justify;\">Este fue el principal foco de trabajo abordado en una primera reuni\u00f3n entre los presidentes de las comisiones de desarrollo Social y Fomento Productivo, Lombardo Toledo y Tatiana Castillo, y representantes de la organizaci\u00f3n de asistencia a la comunidad.<\/p>\n<p style=\"text-align: justify;\">Inter\u00e9s nacional gener\u00f3 el caso del m\u00fasico Octavio Vega, m\u00fasico regional afectado por la enfermedad de P\u00e1rkinson que se convirti\u00f3 en la primera persona del norte de Chile sometida a la cirug\u00eda para revertir sus consecuencias en el sector p\u00fablico. Un procedimiento que en el sector privado tiene un costo cercano a los 45 millones y que le permiti\u00f3 a Octavio retomar su instrumento, todo gracias a un convenio entre el Gobierno Regional, Servicio de Salud Coquimbo y Desaf\u00edo Levantemos Chile.<\/p>\n<p style=\"text-align: justify;\">Una clara muestra de la importancia de la colaboraci\u00f3n entre entidades p\u00fablico-privadas, que se reflej\u00f3 en una nueva reuni\u00f3n de trabajo entre representantes de la ONG y los presidentes de las comisiones de Desarrollo Social y Fomento Productivo, Lombardo Toledo y Tatiana Castillo respectivamente, en un trabajo que se est\u00e1 desarrollando bajo una modalidad de bicomisi\u00f3n.<\/p>\n<p style=\"text-align: justify;\">Como detall\u00f3 el consejero Lombardo Toledo, \u201cya tenemos una l\u00ednea a de trabajo consolidada con esta entidad, pero al mismo tiempo hay otras tem\u00e1ticas que a los consejeros regionales de estas dos comisiones nos interesa desarrollar de forma conjunta, como son el tema de los migrantes, campamentos y la salud mental. Por lo tanto, si es que las condiciones institucionales se dan, bienvenidos sean todos los recursos humanos, log\u00edsticos y profesionales para abordar los problemas sociales de la Regi\u00f3n de Coquimbo\u201d.<\/p>\n<p style=\"text-align: justify;\">Durante la reuni\u00f3n, el l\u00edder de proyectos p\u00fablicos y el coordinador de Desaf\u00edo Levantemos Chile, Rodolfo Sep\u00falveda y Joaqu\u00edn Vergara respectivamente, presentaron la propuesta de trabajo de la organizaci\u00f3n para seguir trabajando con los Gobiernos Regionales. Esto considerando el historial de 6 a\u00f1os realizando exitosas intervenciones gracias a fondos sociales de distintos Gobiernos Regionales, a trav\u00e9s de iniciativas que logran desarrollarse en tiempos m\u00e1s acotados.<\/p>\n<p style=\"text-align: justify;\">En los casos mencionados, la consejera Tatiana Castillo dijo que \u201csi tu sacas a las personas de la calle y las insertas en la sociedad, esas personas van a poder trabajar y luego pagar sus impuestos. Hay muchas situaciones que vamos air corrigiendo y este va a ser un trabajo en conjunto, vamos a trabajar con las villas, con los campamentos, los inmigrantes regularizados y la gente de calles, muchos de quienes tienen problemas de salud mental que debemos abordar, adem\u00e1s de otras patolog\u00edas que debieron dejarse un poco de lado para abordar la pandemia\u201d.<\/p>\n<p style=\"text-align: justify;\">Un trabajo multifocal a trav\u00e9s del que se apunta a generar los mecanismos necesarios para disminuir la l\u00ednea de la pobreza, que durante los \u00faltimos meses ha aumentado. Los pasos a seguir tienen que ver con nuevas reuniones para coordinar iniciativas, disponibilidad de financiamiento, cantidad de beneficiarios y sectores y localidades a los que se quiera llegar.<\/p>\n<p style=\"text-align: justify;\">Tras la reuni\u00f3n, Rodolfo Sep\u00falveda, l\u00edder del \u00e1rea de proyectos p\u00fablicos del Desaf\u00edo Levantemos Chile puntualiz\u00f3 que \u201cen este encuentro buscamos iniciar el desarrollo de iniciativas conjuntas con el Gobierno Regional. Para esto, abordamos distintas tem\u00e1ticas, entre las que destacan migraci\u00f3n, personas en situaci\u00f3n de calle, salud, emprendimiento y sostenibilidad. Como Desaf\u00edo Levantemos Chile buscamos colaborar en estas y otras materias de inter\u00e9s social, como la crisis h\u00eddrica y temas educacionales, entre otros, con el fin de profundizar una exitosa colaboraci\u00f3n p\u00fablico-privada\u201d.<\/p>\n<p style=\"text-align: justify;\">Recordemos que, seg\u00fan el Censo 2017, el d\u00e9ficit de viviendas nuevas en la regi\u00f3n de Coquimbo est\u00e1 cifrada en m\u00e1s de 16 mil, de las que un 62% se requieren en \u00e1reas urbanas y un 38%, en sectores rurales. Adem\u00e1s, el Catastro 2020-2021 de Fundaci\u00f3n Techo, estableci\u00f3 la presencia de 32 campamentos en la zona, con casi dos mil familias viviendo en dicha situaci\u00f3n. Esto representa un aumento del 28% de campamentos respecto al a\u00f1o 2019 y de 88,4% m\u00e1s de familias viviendo sin acceso al agua potable (91%). Un panorama que se pretende abordar a trav\u00e9s de esta colaboraci\u00f3n.<\/p>\n<p>&nbsp;<\/p>\n","protected":false},"excerpt":{"rendered":"<p>Este fue el principal foco de trabajo abordado en una primera reuni\u00f3n entre los presidentes de las comisiones de desarrollo Social y Fomento Productivo, Lombardo Toledo y Tatiana Castillo, y representantes de la organizaci\u00f3n de asistencia a la comunidad. Inter\u00e9s nacional gener\u00f3 el caso del m\u00fasico Octavio Vega, m\u00fasico regional<\/p>\n","protected":false},"author":1,"featured_media":1061,"comment_status":"closed","ping_status":"open","sticky":false,"template":"","format":"standard","meta":{"footnotes":""},"categories":[19],"tags":[],"class_list":["post-1060","post","type-post","status-publish","format-standard","has-post-thumbnail","hentry","category-corecoquimbo"],"_links":{"self":[{"href":"https:\/\/minutaregional.cl\/index.php?rest_route=\/wp\/v2\/posts\/1060","targetHints":{"allow":["GET"]}}],"collection":[{"href":"https:\/\/minutaregional.cl\/index.php?rest_route=\/wp\/v2\/posts"}],"about":[{"href":"https:\/\/minutaregional.cl\/index.php?rest_route=\/wp\/v2\/types\/post"}],"author":[{"embeddable":true,"href":"https:\/\/minutaregional.cl\/index.php?rest_route=\/wp\/v2\/users\/1"}],"replies":[{"embeddable":true,"href":"https:\/\/minutaregional.cl\/index.php?rest_route=%2Fwp%2Fv2%2Fcomments&post=1060"}],"version-history":[{"count":1,"href":"https:\/\/minutaregional.cl\/index.php?rest_route=\/wp\/v2\/posts\/1060\/revisions"}],"predecessor-version":[{"id":1062,"href":"https:\/\/minutaregional.cl\/index.php?rest_route=\/wp\/v2\/posts\/1060\/revisions\/1062"}],"wp:featuredmedia":[{"embeddable":true,"href":"https:\/\/minutaregional.cl\/index.php?rest_route=\/wp\/v2\/media\/1061"}],"wp:attachment":[{"href":"https:\/\/minutaregional.cl\/index.php?rest_route=%2Fwp%2Fv2%2Fmedia&parent=1060"}],"wp:term":[{"taxonomy":"category","embeddable":true,"href":"https:\/\/minutaregional.cl\/index.php?rest_route=%2Fwp%2Fv2%2Fcategories&post=1060"},{"taxonomy":"post_tag","embeddable":true,"href":"https:\/\/minutaregional.cl\/index.php?rest_route=%2Fwp%2Fv2%2Ftags&post=1060"}],"curies":[{"name":"wp","href":"https:\/\/api.w.org\/{rel}","templated":true}]}}