{"id":1051,"date":"2022-06-07T00:56:14","date_gmt":"2022-06-07T00:56:14","guid":{"rendered":"https:\/\/minutaregional.cl\/?p=1051"},"modified":"2022-06-07T00:57:42","modified_gmt":"2022-06-07T00:57:42","slug":"1051","status":"publish","type":"post","link":"https:\/\/minutaregional.cl\/?p=1051","title":{"rendered":"Comisi\u00f3n de Econom\u00eda de la C\u00e1mara de Diputados Realizar\u00e1 Sesi\u00f3n Especial por Tarifas de Metrogas"},"content":{"rendered":"<p style=\"text-align: justify;\">Tras el reclamo de diversas organizaciones al ser p\u00fablico el esc\u00e1ndalo por ganancias indebidas de la empresa Metrogas, la Comisi\u00f3n de Econom\u00eda de la C\u00e1mara de Diputadas y Diputados convoc\u00f3 a una sesi\u00f3n especial para el lunes 06 de junio. Seg\u00fan un estudio de la Fiscal\u00eda Nacional Econ\u00f3mica (FNE), hasta un 20% de las ganancias de Metrogas durante los \u00faltimos cinco a\u00f1os podr\u00edan ser de car\u00e1cter indebido, generando un alza del precio de venta a los consumidores o clientes finales.<\/p>\n<p style=\"text-align: justify;\">El presidente de la Comisi\u00f3n, Daniel Manouchehri, manifest\u00f3 que las empresas involucradas \u201chan cometido abusos sistem\u00e1ticos y grav\u00edsimos y est\u00e1n atentando contra la gente. Su abuso les ha hecho ganar $350 mil millones de pesos. Dinero que ha salido del bolsillo de 3 millones de personas, a quienes con sus triqui\u00f1uelas y triangulaciones ma\u00f1osas le han subido el precio de gas. Con el gas cocina y se abriga nuestra gente\u201d, destac\u00f3.<\/p>\n<p style=\"text-align: justify;\">A la comisi\u00f3n est\u00e1n invitados el Ministro de Energ\u00eda, Claudio Huepe; la Subsecretaria de Econom\u00eda y Empresas de Menor Tama\u00f1o, Javiera Petersen; el Fiscal Nacional Econ\u00f3mico, Ricardo Riesco; el Superintendente (S) de Electricidad y Combustibles (SEC), Mariano Corral; el Presidente de la Organizaci\u00f3n de Consumidores y Usuarios (ODECU), Stefan Larenas; y el Presidente de la Corporaci\u00f3n Nacional de Consumidores y Usuarios (CONADECUS), Hern\u00e1n Calder\u00f3n.<\/p>\n","protected":false},"excerpt":{"rendered":"<p>Tras el reclamo de diversas organizaciones al ser p\u00fablico el esc\u00e1ndalo por ganancias indebidas de la empresa Metrogas, la Comisi\u00f3n de Econom\u00eda de la C\u00e1mara de Diputadas y Diputados convoc\u00f3 a una sesi\u00f3n especial para el lunes 06 de junio. Seg\u00fan un estudio de la Fiscal\u00eda Nacional Econ\u00f3mica (FNE), hasta<\/p>\n","protected":false},"author":1,"featured_media":1052,"comment_status":"closed","ping_status":"open","sticky":false,"template":"","format":"standard","meta":{"footnotes":""},"categories":[26],"tags":[],"class_list":["post-1051","post","type-post","status-publish","format-standard","has-post-thumbnail","hentry","category-camara-de-diputadas-y-diputados"],"_links":{"self":[{"href":"https:\/\/minutaregional.cl\/index.php?rest_route=\/wp\/v2\/posts\/1051","targetHints":{"allow":["GET"]}}],"collection":[{"href":"https:\/\/minutaregional.cl\/index.php?rest_route=\/wp\/v2\/posts"}],"about":[{"href":"https:\/\/minutaregional.cl\/index.php?rest_route=\/wp\/v2\/types\/post"}],"author":[{"embeddable":true,"href":"https:\/\/minutaregional.cl\/index.php?rest_route=\/wp\/v2\/users\/1"}],"replies":[{"embeddable":true,"href":"https:\/\/minutaregional.cl\/index.php?rest_route=%2Fwp%2Fv2%2Fcomments&post=1051"}],"version-history":[{"count":3,"href":"https:\/\/minutaregional.cl\/index.php?rest_route=\/wp\/v2\/posts\/1051\/revisions"}],"predecessor-version":[{"id":1055,"href":"https:\/\/minutaregional.cl\/index.php?rest_route=\/wp\/v2\/posts\/1051\/revisions\/1055"}],"wp:featuredmedia":[{"embeddable":true,"href":"https:\/\/minutaregional.cl\/index.php?rest_route=\/wp\/v2\/media\/1052"}],"wp:attachment":[{"href":"https:\/\/minutaregional.cl\/index.php?rest_route=%2Fwp%2Fv2%2Fmedia&parent=1051"}],"wp:term":[{"taxonomy":"category","embeddable":true,"href":"https:\/\/minutaregional.cl\/index.php?rest_route=%2Fwp%2Fv2%2Fcategories&post=1051"},{"taxonomy":"post_tag","embeddable":true,"href":"https:\/\/minutaregional.cl\/index.php?rest_route=%2Fwp%2Fv2%2Ftags&post=1051"}],"curies":[{"name":"wp","href":"https:\/\/api.w.org\/{rel}","templated":true}]}}