{"id":1045,"date":"2022-06-07T00:45:27","date_gmt":"2022-06-07T00:45:27","guid":{"rendered":"https:\/\/minutaregional.cl\/?p=1045"},"modified":"2022-06-07T00:45:27","modified_gmt":"2022-06-07T00:45:27","slug":"diputados-de-comision-de-economia-se-suman-a-acusacion-contra-diputado-de-la-carrera-por-descontrol-y-agresiones","status":"publish","type":"post","link":"https:\/\/minutaregional.cl\/?p=1045","title":{"rendered":"Diputados de Comisi\u00f3n de Econom\u00eda se Suman a Acusaci\u00f3n Contra Diputado De La Carrera por Descontrol y Agresiones"},"content":{"rendered":"<p><a href=\"https:\/\/minutaregional.cl\/wp-content\/uploads\/2022\/06\/Carta-CE.-Dip.-De-La-Carrera.pdf\">Carta CE. Dip. De La Carrera<\/a><\/p>\n<p style=\"text-align: justify;\"><strong>La Diputada Javiera Morales (Convergencia) y los diputados Alejandro Bernales (Partido Liberal) y Boris Barrera (Partido Comunista) se sumaron a la diputada Ana Mar\u00eda Bravo (Partido Socialista) en la presentaci\u00f3n contra el diputado Gonzalo de La Carrera. Seg\u00fan describen los parlamentarios, De La Carrera perdi\u00f3 el control al perder la votaci\u00f3n del #CHAODICOM, arremeti\u00e9ndola contra sus colegas y posteriormente golpeando al diputado Daniel Manouchehri.<\/strong><\/p>\n<p style=\"text-align: justify;\">\u00a0\u00a0\u00a0\u00a0\u00a0\u00a0\u00a0\u00a0\u00a0\u00a0\u00a0\u00a0\u00a0\u00a0\u00a0\u00a0\u00a0 Los integrantes de la comisi\u00f3n de Econom\u00eda de la C\u00e1mara de Diputadas y Diputados, <strong>Javiera Morales (CS), Alejandro Bernales (PL), Boris Barrera (PC) y Ana Mar\u00eda Bravo (PS), quienes estuvieron presentes en los incidentes, <\/strong>pasaron al diputado Gonzalo de La Carrera a la comisi\u00f3n de \u00c9tica de la C\u00e1mara, entregando antecedentes al presidente de dicha comisi\u00f3n, solicitando las m\u00e1ximas sanciones por la actitud \u201cexplosiva y falta de control\u201d que aconteci\u00f3 luego de la votaci\u00f3n del proyecto #CHAODICOM.<\/p>\n<p style=\"text-align: justify;\">\u00a0\u00a0\u00a0\u00a0\u00a0\u00a0\u00a0\u00a0\u00a0\u00a0\u00a0\u00a0\u00a0\u00a0\u00a0\u00a0\u00a0 Al respecto la diputada Ana Mar\u00eda Bravo se\u00f1al\u00f3 que: \u201cEl descontrol del diputado De La Carrera nos afect\u00f3 a todos. No es tolerable que alguien porque pierda una votaci\u00f3n ataque a otros parlamentarios, incluso llegando a golpear a otro. Adem\u00e1s de todo el show de mentiras que ha hecho por la prensa y las Redes Sociales. En la comisi\u00f3n hab\u00edamos logrado un acuerdo de todos los miembros, desde el PC a la UDI, quiz\u00e1s eso hizo perder el quicio al diputado. Este tipo de actitudes afectan el desempe\u00f1o de las instituciones. El diputado De La Carrera no est\u00e1 bien. \u00c9l no puede negar estos hechos porque est\u00e1bamos todos presentes\u201d.<\/p>\n<p style=\"text-align: justify;\">La presentaci\u00f3n realizada por los parlamentarios describe los hechos acontecidos, indicando que el diputado De La Carrera \u201chabr\u00eda conminado a varios diputados y al Presidente de la instancia, H. Diputado Daniel Manouchehri, a inhabilitarse de la votaci\u00f3n pues \u201ctres diputados\u201d tendr\u00edan \u2018DICOM\u2019. Ante la petici\u00f3n del Presidente, que indicara qui\u00e9nes eran tales personas, el diputado De la Carrera se\u00f1alo al diputado Manouchehri, lo que fue de inmediato desmentido, exhibiendo \u00e9ste documentaci\u00f3n fidedigna y oficial de la \u201cComisi\u00f3n para el mercado financiero\u201d, el Bolet\u00edn Comercial y Equifax, quedando en evidencia la mendacidad de las afirmaciones del se\u00f1or Diputado De la Carrera.<\/p>\n<p style=\"text-align: justify;\">\u00a0\u00a0\u00a0\u00a0\u00a0\u00a0\u00a0\u00a0\u00a0\u00a0\u00a0\u00a0\u00a0\u00a0\u00a0\u00a0\u00a0\u00a0\u00a0 La presentaci\u00f3n se\u00f1ala que \u201cEste hecho, provoc\u00f3 la ofuscaci\u00f3n del diputado De la Carrera, qui\u00e9n al no tener el uso de la palabra, luego de efectuada la aclaraci\u00f3n, expres\u00f3 que el Presidente de la Comisi\u00f3n era \u2018un dictador\u2019 y que \u2018se cre\u00eda Pinochet\u2019. No contento con sus expresiones destempladas, explosivas y faltas de control, el diputado De la Carrera, se abalanzo sobre el diputado Manouchehri, propin\u00e1ndole un golpe en el o\u00eddo izquierdo, interviniendo los diputados Barrera y Bernales, a objeto que esta situaci\u00f3n no pasara a mayores. Dejo constancia que el diputado Manouchehri jam\u00e1s toc\u00f3 al diputado De La Carrera\u201d.<\/p>\n","protected":false},"excerpt":{"rendered":"<p>Carta CE. Dip. De La Carrera La Diputada Javiera Morales (Convergencia) y los diputados Alejandro Bernales (Partido Liberal) y Boris Barrera (Partido Comunista) se sumaron a la diputada Ana Mar\u00eda Bravo (Partido Socialista) en la presentaci\u00f3n contra el diputado Gonzalo de La Carrera. Seg\u00fan describen los parlamentarios, De La Carrera<\/p>\n","protected":false},"author":1,"featured_media":1047,"comment_status":"closed","ping_status":"open","sticky":false,"template":"","format":"standard","meta":{"footnotes":""},"categories":[26],"tags":[],"class_list":["post-1045","post","type-post","status-publish","format-standard","has-post-thumbnail","hentry","category-camara-de-diputadas-y-diputados"],"_links":{"self":[{"href":"https:\/\/minutaregional.cl\/index.php?rest_route=\/wp\/v2\/posts\/1045","targetHints":{"allow":["GET"]}}],"collection":[{"href":"https:\/\/minutaregional.cl\/index.php?rest_route=\/wp\/v2\/posts"}],"about":[{"href":"https:\/\/minutaregional.cl\/index.php?rest_route=\/wp\/v2\/types\/post"}],"author":[{"embeddable":true,"href":"https:\/\/minutaregional.cl\/index.php?rest_route=\/wp\/v2\/users\/1"}],"replies":[{"embeddable":true,"href":"https:\/\/minutaregional.cl\/index.php?rest_route=%2Fwp%2Fv2%2Fcomments&post=1045"}],"version-history":[{"count":1,"href":"https:\/\/minutaregional.cl\/index.php?rest_route=\/wp\/v2\/posts\/1045\/revisions"}],"predecessor-version":[{"id":1048,"href":"https:\/\/minutaregional.cl\/index.php?rest_route=\/wp\/v2\/posts\/1045\/revisions\/1048"}],"wp:featuredmedia":[{"embeddable":true,"href":"https:\/\/minutaregional.cl\/index.php?rest_route=\/wp\/v2\/media\/1047"}],"wp:attachment":[{"href":"https:\/\/minutaregional.cl\/index.php?rest_route=%2Fwp%2Fv2%2Fmedia&parent=1045"}],"wp:term":[{"taxonomy":"category","embeddable":true,"href":"https:\/\/minutaregional.cl\/index.php?rest_route=%2Fwp%2Fv2%2Fcategories&post=1045"},{"taxonomy":"post_tag","embeddable":true,"href":"https:\/\/minutaregional.cl\/index.php?rest_route=%2Fwp%2Fv2%2Ftags&post=1045"}],"curies":[{"name":"wp","href":"https:\/\/api.w.org\/{rel}","templated":true}]}}