{"id":1038,"date":"2022-06-06T23:51:35","date_gmt":"2022-06-06T23:51:35","guid":{"rendered":"https:\/\/minutaregional.cl\/?p=1038"},"modified":"2022-06-06T23:51:35","modified_gmt":"2022-06-06T23:51:35","slug":"red-asociativa-busca-posicionar-el-destino-guanaqueros-como-polo-turistico-en-el-mercado-nacional","status":"publish","type":"post","link":"https:\/\/minutaregional.cl\/?p=1038","title":{"rendered":"Red Asociativa Busca Posicionar el Destino Guanaqueros Como Polo Tur\u00edstico en el Mercado Nacional"},"content":{"rendered":"<p class=\"yiv1425949188MsoNormal\" style=\"text-align: justify;\"><i>Se trata de tres empresas tradicionales vinculadas a la gastronom\u00eda y el alojamiento, las cuales son lideradas por mujeres, y que mediante el cofinanciamiento Corfo, fortalecen sus capacidades empresariales, apuestan por el trabajo colaborativo y buscan visibilizar la experiencia tur\u00edstica en la localidad.<b><\/b><\/i><\/p>\n<p class=\"yiv1425949188MsoNormal\" style=\"text-align: justify;\">Mediante la asociatividad, y gracias al cofinanciamiento de Corfo, tres empresas con liderazgo femenino, tradici\u00f3n e historia de la localidad costera de Guanaqueros en Coquimbo, buscan posicionar el destino tur\u00edstico a nivel nacional, sin de la dependencia de la estacionalidad, basadas en el fortalecimiento de sus capacidades empresariales y el trabajo colaborativo con otros actores relevantes del territorio.<\/p>\n<p class=\"yiv1425949188MsoNormal\" style=\"text-align: justify;\">Por ello, con la presencia de la subsecretaria de Turismo, Ver\u00f3nica Kunze, autoridades locales y regionales, as\u00ed como otros invitados especiales, las empresarias M\u00f3nica Schaeffer de Caba\u00f1as Las Velas Beach; Camila Mu\u00f1oz de Restaurant El Peque\u00f1o e Irelba Zambra de Restaurant Irelba realizaron este viernes el lanzamiento del proyecto\u00a0<a rel=\"nofollow noopener noreferrer\" name=\"_Hlk105168031\"><\/a>Reposicionamiento Tur\u00edstico Costero Guanaqueros.<\/p>\n<p class=\"yiv1425949188MsoNormal\" style=\"text-align: justify;\">En esta l\u00ednea, la subsecretaria destac\u00f3 la necesidad de potenciar el trabajo que realizan las mujeres en esta actividad econ\u00f3mica, \u201cparte del trabajo que queremos hacer como Subsecretar\u00eda de Turismo, a trav\u00e9s de la direcci\u00f3n regional de Sernatur, con el seremi de Econom\u00eda y tambi\u00e9n Corfo, es lo que ha dicho el presidente, tenemos que trabajar para potenciar el trabajo que hacen las mujeres, porque el 47% de quienes trabajan en turismo son mujeres, y si nos vamos a actividades que como alojamiento y gastronom\u00eda ese porcentaje sube a\u00fan m\u00e1s, as\u00ed que potenciarlos, desarrollarlos y tenemos que ver c\u00f3mo ayudarlas\u201d, precis\u00f3 Ver\u00f3nica Kunze.<\/p>\n<p class=\"yiv1425949188MsoNormal\" style=\"text-align: justify;\">Por su parte, el alcalde de Coquimbo, Al\u00ed Manouchehri, destac\u00f3 el trabajo realizado por las empresarias, \u201cestamos muy satisfechos de ver c\u00f3mo los empresarios tur\u00edsticos de nuestra comuna, en este caso de Guanaqueros, se asocian entre ellos y con el apoyo de Corfo fortalecen su rubro. Tenemos unas playas maravillosas y es nuestro desaf\u00edo poder entregar una oferta tur\u00edstica y gastron\u00f3mica s\u00f3lida durante todo el a\u00f1o. Felicitamos a los emprendedores y cuentan con todo el apoyo del municipio de Coquimbo para seguir consolidando sus iniciativas\u201d, puntualiz\u00f3 el edil.<\/p>\n<p class=\"yiv1425949188MsoNormal\" style=\"text-align: justify;\">M\u00f3nica Schaeffer, due\u00f1a de Caba\u00f1as Las Velas Beach e integrante de una de las familias fundadoras de Guanaqueros, valor\u00f3 la unidad para potenciar la marca Guanaqueros. \u201cPara nosotros es muy importante porque Guanaqueros es una unidad, somos todos, trabajamos por lo mismo, por levantar nuestro turismo en esta regi\u00f3n sobre todo que hemos ido avanzando mucho y nos hemos unido en este proyecto para sacar adelante como marca Guanaqueros\u201d, indic\u00f3 la empresaria.<\/p>\n<p class=\"yiv1425949188MsoNormal\" style=\"text-align: justify;\"><i>Eje asociatividad<\/i><\/p>\n<p class=\"yiv1425949188MsoNormal\" style=\"text-align: justify;\">El proyecto Reposicionamiento Tur\u00edstico Costero Guanaqueros es posible gracias al apoyo y cofinanciamiento de Corfo. En esta l\u00ednea, el director regional de la instituci\u00f3n, Andr\u00e9s Zurita se refiri\u00f3 al trabajo que realizan mediante la asociatividad. \u201cLo que hemos tratado de potenciar, a trav\u00e9s de la asociatividad, es que justamente las personas de los territorios se vayan vinculando y vayan potenciando su actividad, mediante capacitaciones, la puesta en marcha de nuevos productos, con estrategias digitales de comercializaci\u00f3n para ir ampliando sus perspectivas y su alcance a nivel nacional e interregional porque queremos destacar las virtudes y los atributos de los lugares, en este caso de los territorios\u201d, destac\u00f3 Zurita.<\/p>\n<p class=\"yiv1425949188MsoNormal\" style=\"text-align: justify;\">Camila Mu\u00f1oz, due\u00f1a de Restaurant El Peque\u00f1o puso en valor el trabajo desarrollado con sus empresas y equipos mediante el proyecto. \u201cEl trabajo ha sido muy significativo y nos ha permitido ir perfeccion\u00e1ndonos en muchas \u00e1reas que no manej\u00e1bamos como el marketing, aprender a c\u00f3mo vender nuestro destino, nuestros productos, capacitando a nuestra gente y a nosotros mismos tambi\u00e9n, nos ha servido bastante y bueno la idea es estandarizar el servicio tur\u00edstico que presta Guanaqueros tanto en alojamiento como en gastronom\u00eda\u201d, se\u00f1al\u00f3 la empresaria.<\/p>\n<p class=\"yiv1425949188MsoNormal\" style=\"text-align: justify;\"><i>Destino imperdible<\/i><\/p>\n<p class=\"yiv1425949188MsoNormal\" style=\"text-align: justify;\"><i>\u00a0<\/i>Para Irelba Zambra, due\u00f1a de Restaurant Irelba e integrante de unas de las familias m\u00e1s conocidas de Guanaqueros, el objetivo es que Guanaqueros se convierta en un imperdible en materia tur\u00edstica, \u201cla idea de este proyecto es que seamos conocidos a nivel nacional e internacional, que todas las personas sepan que, al venir a la regi\u00f3n de Coquimbo, tienen que pasar a Guanaqueros como un imperdible. La idea de nosotros siempre ha sido crecer todos juntos\u201d.<\/p>\n<p class=\"yiv1425949188MsoNormal\" style=\"text-align: justify;\">En ello coincidi\u00f3 Paz Lecea, gerenta del proyecto, quien precis\u00f3 que \u201cel objetivo principal del proyecto es poder potenciar a Guanaqueros, mejorar la calidad del destino, generar una oferta mucho m\u00e1s sofisticada y posicionarnos obviamente como un destino tur\u00edstico a nivel nacional\u201d.<\/p>\n<p class=\"yiv1425949188MsoNormal\" style=\"text-align: justify;\">Cabe destacar que, como primera actividad como la Red Asociativa realiz\u00f3 su lanzamiento este viernes 3. Se trat\u00f3 de un maridaje denominado Mar y Sal, que mostr\u00f3 las bondades culinarias de las empresarias, el cual estuvo a cargo de la chef nacional Rosario Pe\u00f1afiel. Para m\u00e1s informaci\u00f3n visite la web visitaguanaqueros.cl y sus redes sociales.<\/p>\n","protected":false},"excerpt":{"rendered":"<p>Se trata de tres empresas tradicionales vinculadas a la gastronom\u00eda y el alojamiento, las cuales son lideradas por mujeres, y que mediante el cofinanciamiento Corfo, fortalecen sus capacidades empresariales, apuestan por el trabajo colaborativo y buscan visibilizar la experiencia tur\u00edstica en la localidad. Mediante la asociatividad, y gracias al cofinanciamiento<\/p>\n","protected":false},"author":1,"featured_media":1039,"comment_status":"closed","ping_status":"open","sticky":false,"template":"","format":"standard","meta":{"footnotes":""},"categories":[20],"tags":[],"class_list":["post-1038","post","type-post","status-publish","format-standard","has-post-thumbnail","hentry","category-corfo"],"_links":{"self":[{"href":"https:\/\/minutaregional.cl\/index.php?rest_route=\/wp\/v2\/posts\/1038","targetHints":{"allow":["GET"]}}],"collection":[{"href":"https:\/\/minutaregional.cl\/index.php?rest_route=\/wp\/v2\/posts"}],"about":[{"href":"https:\/\/minutaregional.cl\/index.php?rest_route=\/wp\/v2\/types\/post"}],"author":[{"embeddable":true,"href":"https:\/\/minutaregional.cl\/index.php?rest_route=\/wp\/v2\/users\/1"}],"replies":[{"embeddable":true,"href":"https:\/\/minutaregional.cl\/index.php?rest_route=%2Fwp%2Fv2%2Fcomments&post=1038"}],"version-history":[{"count":1,"href":"https:\/\/minutaregional.cl\/index.php?rest_route=\/wp\/v2\/posts\/1038\/revisions"}],"predecessor-version":[{"id":1040,"href":"https:\/\/minutaregional.cl\/index.php?rest_route=\/wp\/v2\/posts\/1038\/revisions\/1040"}],"wp:featuredmedia":[{"embeddable":true,"href":"https:\/\/minutaregional.cl\/index.php?rest_route=\/wp\/v2\/media\/1039"}],"wp:attachment":[{"href":"https:\/\/minutaregional.cl\/index.php?rest_route=%2Fwp%2Fv2%2Fmedia&parent=1038"}],"wp:term":[{"taxonomy":"category","embeddable":true,"href":"https:\/\/minutaregional.cl\/index.php?rest_route=%2Fwp%2Fv2%2Fcategories&post=1038"},{"taxonomy":"post_tag","embeddable":true,"href":"https:\/\/minutaregional.cl\/index.php?rest_route=%2Fwp%2Fv2%2Ftags&post=1038"}],"curies":[{"name":"wp","href":"https:\/\/api.w.org\/{rel}","templated":true}]}}