{"id":1035,"date":"2022-06-06T23:42:53","date_gmt":"2022-06-06T23:42:53","guid":{"rendered":"https:\/\/minutaregional.cl\/?p=1035"},"modified":"2022-06-06T23:42:53","modified_gmt":"2022-06-06T23:42:53","slug":"comunidad-educativa-elige-nuevo-nombre-a-jardin-infantil-de-coquimbo","status":"publish","type":"post","link":"https:\/\/minutaregional.cl\/?p=1035","title":{"rendered":"Comunidad Educativa Elige Nuevo Nombre a Jard\u00edn Infantil de Coquimbo"},"content":{"rendered":"<p style=\"text-align: justify;\"><em>Los participantes propusieron nombres y votaron por el m\u00e1s representativo, resultando como ganador \u201cGigantes de Luz\u201d.<\/em><\/p>\n<p style=\"text-align: justify;\">Ubicado en el sector de Punta Mira de la comuna puerto, el jard\u00edn infantil y sala cuna- que hasta ese momento se llamaba Ram\u00f3n Gorro\u00f1o, debido al nombre de la calle donde se encuentra emplazado- fue el escenario para la consulta ciudadana \u201cPonle Nombre a tu jard\u00edn\u201d, instancia organizada por Junta Nacional de Jardines Infantiles (JUNJI), con el prop\u00f3sito de \u00a0involucrar de forma activa la participaci\u00f3n de la comunidad educativa, integrada\u00a0 por \u00a0padres, apoderados, equipo pedag\u00f3gico y redes de apoyo, en la elecci\u00f3n del nuevo nombre.<\/p>\n<p style=\"text-align: justify;\">En la ocasi\u00f3n, los asistentes trabajaron en grupos, donde cada uno desarroll\u00f3 una propuesta, la cual tuvieron que elaborar y luego justificar, considerando criterios como: pertinencia territorial, hist\u00f3rica, cultural, valores de la infancia o personajes ilustres p\u00f3stumos, para posteriormente someterlas a sufragio.<\/p>\n<p style=\"text-align: justify;\">\u201cGigantes de Luz\u201d fue el nombre que se impuso en la votaci\u00f3n gan\u00e1ndole a \u201cMis primeros pasos de Punta Mira\u201d y \u201cAlinuqa\u00f1a\u201d, palabra de origen Aymara cuyo significado es comenzar a crecer.<\/p>\n<p style=\"text-align: justify;\">Luis Gonz\u00e1lez Miranda, coordinador del departamento de gesti\u00f3n inclusiva de la municipalidad de Coquimbo y socio del club de adulto mayor Azul Cielo, fue el gestor del nombre y nos comenta c\u00f3mo surge la idea de Gigantes de Luz.<\/p>\n<p style=\"text-align: justify;\">\u201cDe acuerdo a la experiencia\u00a0 de inclusi\u00f3n de pa\u00edses m\u00e1s adelantados que el nuestro , que comenzaron antes con el tema de la inclusi\u00f3n en los jardines infantiles, envuelve dos cosas, la primera es el crecimiento del ni\u00f1o y lo otro es que sea un ni\u00f1o inclusivo en el futuro y \u00a0por qu\u00e9 acudimos a la inclusi\u00f3n, porque ocurre que en general los padres, y en ese sentido es muy importantes que los centros de padres y apoderados\u00a0 de los jardines tengan una relaci\u00f3n permanente con las familias, son muy sobreprotectores cuando se trata de un hijo con necesidades especiales, y en ese sentido, un jard\u00edn inclusivo como este, \u00a0donde su personal est\u00e1 calificado en este tema y felizmente Junji est\u00e1 marcando una ruta para el resto de los jardines, y desde mi \u00e1rea estoy luchando para que todo sea inclusivo, porque va a dar m\u00e1s luz y efectivamente el ni\u00f1o que llega a ser un gigante e inclusivo va entregar luz\u00a0 para el futuro del pa\u00eds\u201d.<\/p>\n<p style=\"text-align: justify;\">Por su parte, Barbara Flores, educadora de p\u00e1rvulos y encargada del jard\u00edn valor\u00f3 el encuentro y la participaci\u00f3n de la comunidad.<\/p>\n<p style=\"text-align: justify;\">\u201cEstamos muy felices como equipo del compromiso de los padres, apoderados y redes de apoyo que se sumaron a esta iniciativa que sin duda es un gran hito para nuestra instituci\u00f3n, jard\u00edn y sobre todo para el territorio en el que nos encontramos insertos, ya que a trav\u00e9s de este nuevo nombre se refleja y proyectan los valores de la comunidad, de la infancia y se releva la importancia de la educaci\u00f3n inicial en el desarrollo humano\u201d.<\/p>\n<p style=\"text-align: justify;\">Para el director regional de la Junji, Tom\u00e1s Gonz\u00e1lez la participaci\u00f3n de la ciudadan\u00eda y especialmente de las familias, es crucial ya que \u201cson un pilar en la primera infancia como primeros agentes educativos, es por ello que hacerlos parte de los procesos que conlleva la educaci\u00f3n de sus hijos e hijas es entender que los primeros a\u00f1os de vida son vitales para el desarrollo de habilidades y capacidades futuras\u201d.<\/p>\n<p style=\"text-align: justify;\">Cabe destacar que la nueva unidad educativa comenz\u00f3 su funcionamiento en abril de este a\u00f1o y cuenta con una capacidad para atender a 96 ni\u00f1as y ni\u00f1os, en cuatro niveles educativos, sala cuna menor, sala cuna mayor, medio menor y medio mayor.<\/p>\n","protected":false},"excerpt":{"rendered":"<p>Los participantes propusieron nombres y votaron por el m\u00e1s representativo, resultando como ganador \u201cGigantes de Luz\u201d. Ubicado en el sector de Punta Mira de la comuna puerto, el jard\u00edn infantil y sala cuna- que hasta ese momento se llamaba Ram\u00f3n Gorro\u00f1o, debido al nombre de la calle donde se encuentra<\/p>\n","protected":false},"author":1,"featured_media":1036,"comment_status":"closed","ping_status":"open","sticky":false,"template":"","format":"standard","meta":{"footnotes":""},"categories":[43],"tags":[],"class_list":["post-1035","post","type-post","status-publish","format-standard","has-post-thumbnail","hentry","category-junji-coquimbo"],"_links":{"self":[{"href":"https:\/\/minutaregional.cl\/index.php?rest_route=\/wp\/v2\/posts\/1035","targetHints":{"allow":["GET"]}}],"collection":[{"href":"https:\/\/minutaregional.cl\/index.php?rest_route=\/wp\/v2\/posts"}],"about":[{"href":"https:\/\/minutaregional.cl\/index.php?rest_route=\/wp\/v2\/types\/post"}],"author":[{"embeddable":true,"href":"https:\/\/minutaregional.cl\/index.php?rest_route=\/wp\/v2\/users\/1"}],"replies":[{"embeddable":true,"href":"https:\/\/minutaregional.cl\/index.php?rest_route=%2Fwp%2Fv2%2Fcomments&post=1035"}],"version-history":[{"count":1,"href":"https:\/\/minutaregional.cl\/index.php?rest_route=\/wp\/v2\/posts\/1035\/revisions"}],"predecessor-version":[{"id":1037,"href":"https:\/\/minutaregional.cl\/index.php?rest_route=\/wp\/v2\/posts\/1035\/revisions\/1037"}],"wp:featuredmedia":[{"embeddable":true,"href":"https:\/\/minutaregional.cl\/index.php?rest_route=\/wp\/v2\/media\/1036"}],"wp:attachment":[{"href":"https:\/\/minutaregional.cl\/index.php?rest_route=%2Fwp%2Fv2%2Fmedia&parent=1035"}],"wp:term":[{"taxonomy":"category","embeddable":true,"href":"https:\/\/minutaregional.cl\/index.php?rest_route=%2Fwp%2Fv2%2Fcategories&post=1035"},{"taxonomy":"post_tag","embeddable":true,"href":"https:\/\/minutaregional.cl\/index.php?rest_route=%2Fwp%2Fv2%2Ftags&post=1035"}],"curies":[{"name":"wp","href":"https:\/\/api.w.org\/{rel}","templated":true}]}}