{"id":1032,"date":"2022-06-06T23:27:07","date_gmt":"2022-06-06T23:27:07","guid":{"rendered":"https:\/\/minutaregional.cl\/?p=1032"},"modified":"2022-06-06T23:27:07","modified_gmt":"2022-06-06T23:27:07","slug":"pesistas-y-atletas-de-promesas-chile-brillan-en-campeonatos-nacionales","status":"publish","type":"post","link":"https:\/\/minutaregional.cl\/?p=1032","title":{"rendered":"Pesistas y Atletas de  Promesas Chile Brillan en Campeonatos Nacionales."},"content":{"rendered":"<p style=\"text-align: justify;\"><i><b>Los t\u00e9cnicos de ambas disciplinas, destacaron el \u00a0excelente desempe\u00f1o en las citas que se desarrollaron en Vicu\u00f1a y Rancagua. Los deportistas adem\u00e1s contaron con el apoyo del IND-Mindep-Coquimbo, para su traslado.<\/b><\/i><\/p>\n<p>Los deportistas de Halterofilia, de la categor\u00eda menores del Programa \u201cPromesas Chile\u201d, dirigidos por la t\u00e9cnico Belem Vel\u00e1squez y Juan Anrique, lograron coronarse campeones en categor\u00eda \u00a0damas y varones, en la categor\u00eda infantiles. El Campeonato Inter Regional de Levantamiento de Pesas , apoyado por la \u00a0Federaci\u00f3n Chilena \u00a0de Levantamiento de Pesas, \u00a0 se realiz\u00f3 el pasado fin de semana, en el Colegio Carlos Mondaca \u00a0de la ciudad de Vicu\u00f1a, contando con el apoyo financiero de un proyecto \u00a0Mindep \u00a0&#8211; Instituto Nacional de Deportes,<\/p>\n<p>El \u00a0torneo ten\u00eda por objetivo, \u00a0generar una instancia de encuentro de las Asociaciones \u00a0de \u00a0Halterofilia, tanto comunal, regional e interregional, \u00a0y as\u00ed fomentar \u00a0este deporte en los escolares \u00a0de las Asociaciones, y en esta ocasi\u00f3n fue organizada por la Asociaci\u00f3n de Vicu\u00f1a, para el efecto se invitaron a participar en el campeonato, a los colegios de la regi\u00f3n, la organizaci\u00f3n y desarrollo t\u00e9cnico lo realiz\u00f3 \u00a0la Federaci\u00f3n Chilena \u00a0de Levantamiento de Pesas \u00a0y el control del mismo, fue determinado por \u00a0jueces federados , contando adem\u00e1s con la presencia del \u00a0Head Coach Georgi Panchev, t\u00e9cnico en la especialidad \u00a0y seleccionador nacional.<\/p>\n<p>Los pesistas \u00a0que entrenan y participan del Programa Promesas Chile, que obtuvieron medallas fueron: Isidora Navarrete \u00a0tercer lugar cat 64; Jessica Barraza \u00a0primer \u00a0lugar cat. 40; Sof\u00eda Lara \u00a0primer lugar cat. 45; Isidora Collao, \u00a0tercer lugar cat. 60; Mar\u00eda Zepeda, segundo \u00a0lugar cat. \u00a064; Rub\u00e9n Villanueva primer lugar cat. 35; Scott Collao, segundo lugar cat. 55; \u00a0Luis \u00a0Alfaro \u00a0 segundo lugar cat. 55 y Mat\u00edas Moreno \u00a0primer lugar cat. M\u00e1s 60.<\/p>\n<p>Para el t\u00e9cnico Juan Anrique, la participaci\u00f3n del grupo \u00a0<b><i>\u201cFue un \u00e9xito, una vez m\u00e1s incentivar el desarrollo de las bases deportivas, \u00a0que son tan importantes para cualquier disciplina deportiva y eso le da m\u00e1s importancia, al trabajo que se viene haciendo \u00a0ac\u00e1, porque al salir campeones, por equipo damas y varones, en esa etapa, \u00a0es un par\u00e1metro que el trabajo que se viene haciendo, \u00a0se viene haciendo en forma correcta, contento con el resultado de los chicos y agradecer tambi\u00e9n el apoyo incondicional e infinito de los padre y la familia\u201d.<br \/>\n<\/i><\/b><br \/>\n<b>Atletismo<\/b><\/p>\n<p>Paralelamente los atletas de la categor\u00eda menores, \u00a0tambi\u00e9n que entrenan y participan del Programa Promesas Chile, que dirigen los profesores Hern\u00e1n Pezoa y Romina Figueroa, participaron en la Copa Escolar de Rancagua, que se disput\u00f3 en el Estadio Patricio Mekis \u00a0de esa ciudad, \u00a0con el \u00a0car\u00e1cter de torneo \u00a0inter regional, \u00a0participaron en este evento atl\u00e9tico escolar, los y las deportistas: \u00a0Florencia Tapia, en las pruebas \u00a0de salto largo y 500 mts., planos, Daniel Grisaluz, en vallas, 800 mts, planos, Laura Aguilera, 80 mts., Tom\u00e1s Fern\u00e1ndez, \u00a0en 1.000 mts. planos, Tom\u00e1s Leiva, \u00a0en 800 mts. planos y Sof\u00eda Cordero, en la prueba \u00a0de salto largo<\/p>\n<p>En el resumen de la participaci\u00f3n de la delegaci\u00f3n coquimbana \u00a0Romina Figueroa Profesorsa de Educaci\u00f3n F\u00edsica y t\u00e9cnico, se\u00f1al\u00f3:\u00a0<i><b>\u00a0\u201cEl resultado fue excelente, \u00a0en el desempe\u00f1o de los nepotistas, se sigue mostrando que el rendimiento, \u00a0va en ascenso, todos \u00a0los deportistas mejoraron sus marcas personales, mejoraron marcas, \u00a0incluso de las realizadas en Santiago y en torneo locales, \u00a0que se han hecho este a\u00f1o, \u00a0han mostrado un buen desempe\u00f1o los chiquillos, siempre mejorando las habilidades como deportistas y s\u00faper agradecida, por el compromiso y la confianza que nos dan los padres, \u00a0para realizar este tipo de campeonato y viajes\u201d.<\/b><\/i><\/p>\n<p>El programa Promesas Chile, es una \u00a0iniciativa del Ministerio del Deporte y ejecutada por el IND, que busca captar los talentos deportivos a nivel nacional y fomentar su desarrollo, esto se hace mediante infraestructura de calidad, con \u00a0m\u00e1s horas de entrenamiento semanal, junto a profesionales certificados, que gu\u00edan el aprendizaje formativo y una buena conducci\u00f3n del deportista en el camino de su especializaci\u00f3n deportiva.<\/p>\n<div><\/div>\n","protected":false},"excerpt":{"rendered":"<p>Los t\u00e9cnicos de ambas disciplinas, destacaron el \u00a0excelente desempe\u00f1o en las citas que se desarrollaron en Vicu\u00f1a y Rancagua. Los deportistas adem\u00e1s contaron con el apoyo del IND-Mindep-Coquimbo, para su traslado. Los deportistas de Halterofilia, de la categor\u00eda menores del Programa \u201cPromesas Chile\u201d, dirigidos por la t\u00e9cnico Belem Vel\u00e1squez y<\/p>\n","protected":false},"author":1,"featured_media":1033,"comment_status":"closed","ping_status":"open","sticky":false,"template":"","format":"standard","meta":{"footnotes":""},"categories":[37],"tags":[],"class_list":["post-1032","post","type-post","status-publish","format-standard","has-post-thumbnail","hentry","category-ind-coquimbo"],"_links":{"self":[{"href":"https:\/\/minutaregional.cl\/index.php?rest_route=\/wp\/v2\/posts\/1032","targetHints":{"allow":["GET"]}}],"collection":[{"href":"https:\/\/minutaregional.cl\/index.php?rest_route=\/wp\/v2\/posts"}],"about":[{"href":"https:\/\/minutaregional.cl\/index.php?rest_route=\/wp\/v2\/types\/post"}],"author":[{"embeddable":true,"href":"https:\/\/minutaregional.cl\/index.php?rest_route=\/wp\/v2\/users\/1"}],"replies":[{"embeddable":true,"href":"https:\/\/minutaregional.cl\/index.php?rest_route=%2Fwp%2Fv2%2Fcomments&post=1032"}],"version-history":[{"count":1,"href":"https:\/\/minutaregional.cl\/index.php?rest_route=\/wp\/v2\/posts\/1032\/revisions"}],"predecessor-version":[{"id":1034,"href":"https:\/\/minutaregional.cl\/index.php?rest_route=\/wp\/v2\/posts\/1032\/revisions\/1034"}],"wp:featuredmedia":[{"embeddable":true,"href":"https:\/\/minutaregional.cl\/index.php?rest_route=\/wp\/v2\/media\/1033"}],"wp:attachment":[{"href":"https:\/\/minutaregional.cl\/index.php?rest_route=%2Fwp%2Fv2%2Fmedia&parent=1032"}],"wp:term":[{"taxonomy":"category","embeddable":true,"href":"https:\/\/minutaregional.cl\/index.php?rest_route=%2Fwp%2Fv2%2Fcategories&post=1032"},{"taxonomy":"post_tag","embeddable":true,"href":"https:\/\/minutaregional.cl\/index.php?rest_route=%2Fwp%2Fv2%2Ftags&post=1032"}],"curies":[{"name":"wp","href":"https:\/\/api.w.org\/{rel}","templated":true}]}}