{"id":1029,"date":"2022-06-06T23:02:29","date_gmt":"2022-06-06T23:02:29","guid":{"rendered":"https:\/\/minutaregional.cl\/?p=1029"},"modified":"2022-06-06T23:02:29","modified_gmt":"2022-06-06T23:02:29","slug":"corte-suprema-falla-a-favor-de-comites-de-apr-por-extraccion-ilegal-de-aguas-en-el-rio-de-cogoti","status":"publish","type":"post","link":"https:\/\/minutaregional.cl\/?p=1029","title":{"rendered":"CORTE SUPREMA FALLA A FAVOR DE COMIT\u00c9S DE APR POR EXTRACCI\u00d3N ILEGAL DE AGUAS EN EL R\u00cdO DE COGOT\u00cd"},"content":{"rendered":"<p style=\"text-align: justify;\"><strong>JUSTICIA DA PORTAZO A EMPRESA AGR\u00cdCOLA:<\/strong><\/p>\n<p style=\"text-align: justify;\"><strong>El litigio se abri\u00f3 el a\u00f1o 2018 cuando la agr\u00edcola Sastre y Salinas demand\u00f3 a las APR La Isla, La Colorada y la Ligua de Cogot\u00ed por su oposici\u00f3n a nueva inscripci\u00f3n de aguas de la empresa. La sentencia de la Corte viene a ratificar el fallo, en primera instancia, del 2018.<\/strong><\/p>\n<p style=\"text-align: justify;\">Satisfechos se mostraron dirigentes del Comit\u00e9 de Agua Portable Rural (APR) de Combarbal\u00e1<br \/>\ntras conocer en detalle la sentencia de la Corte Suprema que fall\u00f3 a su favor en el juicio contra la Agr\u00edcola Sastre y Salinas por inscripci\u00f3n de derechos de aguas. Los pormenores del fallo fueron entregados en una reuni\u00f3n sostenida en la Isla de Cogot\u00ed, con la presencia de dirigentes territoriales, la abogada que llev\u00f3 la causa, Adriana Rojas y la diputada por Coquimbo, Nathalie Castillo, integrante de la Comisi\u00f3n de Recursos H\u00eddricos y Desertificaci\u00f3n de la C\u00e1mara de Diputados\/as.<\/p>\n<p style=\"text-align: justify;\">El antecedente de esta pugna judicial se remonta al a\u00f1o 2015, cuando la empresa agr\u00edcola Sastre y Salinas Ltda solicit\u00f3 derechos de aprovechamiento de agua del R\u00edo Cogot\u00ed (Combarbal\u00e1) por un caudal de diez mil\u00edmetros por segundo. Frente a la oposici\u00f3n de los Comit\u00e9s de Agua Potable Rural y la negaci\u00f3n de la Direcci\u00f3n General de Aguas (DGA), la empresa demand\u00f3 a las APRs La Isla, La Colorada y la Ligua de Cogot\u00ed en el a\u00f1o 2018. Dos a\u00f1os despu\u00e9s, el 2020 y tras una respuesta de las APR, la Corte, en primera instancia, fall\u00f3 en favor de los vecinos y vecinas.<\/p>\n<p style=\"text-align: justify;\">\u00abEs muy importante para nuestra diputaci\u00f3n estar presente en el territorio para poder recepcionar las \u00a0necesidades de los territorios sobre la situaci\u00f3n dram\u00e1tica \u00a0de escasez h\u00eddrica que viven las comunidades del Valle de Limar\u00ed. Junto a la presidenta del Consejo Rural Campesino, do\u00f1a Leticia Ram\u00edrez, seguimos trabajando con los lugares m\u00e1s apartados para vincularnos con las comunidades y generar una relaci\u00f3n permanente, en mi rol como integrante de la comisi\u00f3n h\u00eddrica\u201d, manifest\u00f3 la diputada Castillo.<\/p>\n<p style=\"text-align: justify;\">Wilson Castillo, presidente de la APR de La Isla, se mostr\u00f3 contento por la noticia, y se\u00f1al\u00f3 que \u201cnunca se le hab\u00eda ganado a uno de los poderosos\u201d. El dirigente social manifest\u00f3 que pese a que fue una lucha de a\u00f1os, \u201cno pod\u00edamos quedarnos con los amedrentamientos de los empresarios ya que el dinero no aplastar\u00e1n nuestras demandas, lo que permiti\u00f3 que la gente se diera cuenta de la importancia de denunciar el robo de aguas\u201d. El presidente de la APR La Isla destac\u00f3 la creaci\u00f3n y lucha de la Coordinadora de Defensa por el Agua, encargada de frenar la venta ilegal del recurso h\u00eddrico.<\/p>\n<p style=\"text-align: justify;\">El presidente del APR La Ligua de Cogot\u00ed, Pedro Toledo, declar\u00f3 estar tranquilo por la resoluci\u00f3n de la Corte Suprema. \u201cTen\u00edamos fe en la Corte que fallar\u00eda a nuestro favor. Ya estamos m\u00e1s tranquilos y no andaremos temerosos. Este fallo sirve para lucha contra los pozos ilegales. Es un muy buen triunfo\u201d, recalc\u00f3.<\/p>\n<p style=\"text-align: justify;\">Por su parte, la abogada de las APRs, Adriana Rojas, destac\u00f3 el trabajo realizado en conjunto con las comunidades, el que no fue solo jur\u00eddico, sino que tambi\u00e9n pol\u00edtico y territorial. Asimismo, se\u00f1al\u00f3 que lo central del fallo es que estableci\u00f3 que no se pueden inscribir nuevos derechos de agua y que la cuenca del R\u00edo Limar\u00ed, vertiente donde la empresa quer\u00eda extraer agua, fue declarada agotada el 2005.<\/p>\n<p style=\"text-align: justify;\">\u201cEste fallo es un punto de inflexi\u00f3n y muy importante porque pone l\u00edmites. En este caso la empresa agr\u00edcola quer\u00eda inscribir este nuevo derecho para seguir vendiendo agua a la gobernaci\u00f3n. Y nos parece horrible utilizar resquicios legales para hacerse millonarios con un recurso vital como es el agua en una zona de escasez h\u00eddrica como \u00e9sta\u201d, concluy\u00f3 la abogada.<\/p>\n","protected":false},"excerpt":{"rendered":"<p>JUSTICIA DA PORTAZO A EMPRESA AGR\u00cdCOLA: El litigio se abri\u00f3 el a\u00f1o 2018 cuando la agr\u00edcola Sastre y Salinas demand\u00f3 a las APR La Isla, La Colorada y la Ligua de Cogot\u00ed por su oposici\u00f3n a nueva inscripci\u00f3n de aguas de la empresa. La sentencia de la Corte viene a<\/p>\n","protected":false},"author":1,"featured_media":1030,"comment_status":"closed","ping_status":"open","sticky":false,"template":"","format":"standard","meta":{"footnotes":""},"categories":[26],"tags":[],"class_list":["post-1029","post","type-post","status-publish","format-standard","has-post-thumbnail","hentry","category-camara-de-diputadas-y-diputados"],"_links":{"self":[{"href":"https:\/\/minutaregional.cl\/index.php?rest_route=\/wp\/v2\/posts\/1029","targetHints":{"allow":["GET"]}}],"collection":[{"href":"https:\/\/minutaregional.cl\/index.php?rest_route=\/wp\/v2\/posts"}],"about":[{"href":"https:\/\/minutaregional.cl\/index.php?rest_route=\/wp\/v2\/types\/post"}],"author":[{"embeddable":true,"href":"https:\/\/minutaregional.cl\/index.php?rest_route=\/wp\/v2\/users\/1"}],"replies":[{"embeddable":true,"href":"https:\/\/minutaregional.cl\/index.php?rest_route=%2Fwp%2Fv2%2Fcomments&post=1029"}],"version-history":[{"count":1,"href":"https:\/\/minutaregional.cl\/index.php?rest_route=\/wp\/v2\/posts\/1029\/revisions"}],"predecessor-version":[{"id":1031,"href":"https:\/\/minutaregional.cl\/index.php?rest_route=\/wp\/v2\/posts\/1029\/revisions\/1031"}],"wp:featuredmedia":[{"embeddable":true,"href":"https:\/\/minutaregional.cl\/index.php?rest_route=\/wp\/v2\/media\/1030"}],"wp:attachment":[{"href":"https:\/\/minutaregional.cl\/index.php?rest_route=%2Fwp%2Fv2%2Fmedia&parent=1029"}],"wp:term":[{"taxonomy":"category","embeddable":true,"href":"https:\/\/minutaregional.cl\/index.php?rest_route=%2Fwp%2Fv2%2Fcategories&post=1029"},{"taxonomy":"post_tag","embeddable":true,"href":"https:\/\/minutaregional.cl\/index.php?rest_route=%2Fwp%2Fv2%2Ftags&post=1029"}],"curies":[{"name":"wp","href":"https:\/\/api.w.org\/{rel}","templated":true}]}}