{"id":1025,"date":"2022-05-31T22:45:05","date_gmt":"2022-05-31T22:45:05","guid":{"rendered":"https:\/\/minutaregional.cl\/?p=1025"},"modified":"2022-05-31T22:45:05","modified_gmt":"2022-05-31T22:45:05","slug":"este-30-de-mayo-comenzo-a-regir-el-umbral-de-vacunacion-para-estudiantes-de-7-basico-a-4-medio","status":"publish","type":"post","link":"https:\/\/minutaregional.cl\/?p=1025","title":{"rendered":"Este 30 de Mayo Comenz\u00f3 a Regir el Umbral de Vacunaci\u00f3n para Estudiantes de 7\u00b0 B\u00e1sico a 4\u00b0 Medio"},"content":{"rendered":"<p>\u25cf De acuerdo a las disposiciones sanitarias, los cursos que no alcancen el 80% de vacunaci\u00f3n contra el Covid-19 deber\u00e1n establecer distanciamiento o aforos.<\/p>\n<p>\u25cf Actualmente, m\u00e1s de 2 mil cursos no cumplen este porcentaje, por lo que, a partir de este lunes, cerca de 60 mil estudiantes podr\u00edan volver eventualmente a clases h\u00edbridas, mientras alcanzan el umbral.<\/p>\n<p>Este lunes 30 de mayo comenzaron a regir los umbrales de vacunaci\u00f3n por curso, los que aplicar\u00e1n para estudiantes de 7\u00b0 b\u00e1sico a 4\u00b0 medio, de acuerdo con las definiciones sanitarias. En este contexto, el ministro de Educaci\u00f3n, Marco Antonio \u00c1vila, hace un llamado a las comunidades escolares a participar de los procesos de vacunaci\u00f3n que han dispuesto las autoridades de Salud para alcanzar el umbral de inmunizaci\u00f3n previo a la restricci\u00f3n.<\/p>\n<p>A la fecha, a nivel nacional el 95% de los cursos entre 7\u00b0b\u00e1sico a 4to medio ha logrado llegar al umbral de 80% de estudiantes vacunados contra el Covid-19, reflejado en 45 mil cursos (45.088) en los que no regir\u00e1 el distanciamiento. Sin embargo, a\u00fan hay m\u00e1s de 2 mil cursos (2.174) un 4,6% del total que no han logrado llegar al 80% necesario y tendr\u00e1n que comenzar con el distanciamiento f\u00edsico y, de no ser posible, con aforos, lo que podr\u00eda implicar la vuelta a la modalidad h\u00edbrida para cerca de 60 mil estudiantes.<\/p>\n<p>En la Regi\u00f3n de Coquimbo de un total de 2.213 aulas, el 95,1% de los cursos entre 7\u00b0b\u00e1sico a 4to medio ha logrado llegar al umbral de 80% de estudiantes vacunados contra el Covid-19, es decir 2.105 cursos, en los que no regir\u00e1 el distanciamiento. Sin embargo, hay 108 cursos, un 4,9% del total, que no han logrado llegar al 80% necesario y tendr\u00e1n que comenzar con el distanciamiento f\u00edsico.<\/p>\n<p>\u201cHay que recordar cu\u00e1l es el valor de la vacunaci\u00f3n contra el Covid-19. Esta herramienta de protecci\u00f3n es fundamental para sostener la presencialidad. Por eso les solicitamos que refuercen este proceso en sus comunidades, que puedan explicarle a padres, madres y cuidadores la importancia del cuidado y de mantener la presencialidad plena\u201d, explic\u00f3 Marco Antonio \u00c1vila, ministro de Educaci\u00f3n.<\/p>\n<p>En los cursos que no se cumpla con el porcentaje de vacunaci\u00f3n, y que adem\u00e1s no puedan implementar la medida de distanciamiento, los establecimientos educacionales podr\u00e1n no prestar el servicio educativo de manera presencial y simult\u00e1nea, pues estar\u00e1n obligados a realizar una organizaci\u00f3n diferente de la jornada escolar. Esto incluye la posibilidad de realizar actividades educativas remotas hasta que se alcance el porcentaje m\u00ednimo de vacunaci\u00f3n o se observen las normas de distanciamiento f\u00edsico dispuestas.<\/p>\n<p>\u201cTodos y todas conocemos el valor de la educaci\u00f3n presencial. Hacemos un llamado a la comunidad a informarse de los centros de vacunaci\u00f3n y conocer d\u00f3nde est\u00e1n los puntos para hacerlo. Entre todos y todas, seremos capaces de construir espacios m\u00e1s seguros y fortalecer los procesos educativos\u201d, se\u00f1al\u00f3 \u00c1vila.<\/p>\n<p>Para conocer c\u00f3mo est\u00e1n los umbrales por cursos, el Mineduc ha dispuesto el sitio vacunacionescolar.mineduc.cl para que las comunidades puedan conocer los porcentajes en cada grupo curso y establecimiento.<\/p>\n<p>Los establecimientos educacionales que necesitan reforzar este proceso, pueden escribir a las Secretar\u00edas Regionales Ministeriales de Salud para solicitar operativos de vacunaci\u00f3n extramurales.<\/p>\n<p>&nbsp;<\/p>\n<p>&nbsp;<\/p>\n<p>&nbsp;<\/p>\n<p>&nbsp;<\/p>\n<p>&nbsp;<\/p>\n<p>&nbsp;<\/p>\n<p>&nbsp;<\/p>\n<p>&nbsp;<\/p>\n<p>&nbsp;<\/p>\n<p>&nbsp;<\/p>\n","protected":false},"excerpt":{"rendered":"<p>\u25cf De acuerdo a las disposiciones sanitarias, los cursos que no alcancen el 80% de vacunaci\u00f3n contra el Covid-19 deber\u00e1n establecer distanciamiento o aforos. \u25cf Actualmente, m\u00e1s de 2 mil cursos no cumplen este porcentaje, por lo que, a partir de este lunes, cerca de 60 mil estudiantes podr\u00edan volver<\/p>\n","protected":false},"author":1,"featured_media":1026,"comment_status":"closed","ping_status":"open","sticky":false,"template":"","format":"standard","meta":{"footnotes":""},"categories":[40],"tags":[],"class_list":["post-1025","post","type-post","status-publish","format-standard","has-post-thumbnail","hentry","category-secreduc_iv"],"_links":{"self":[{"href":"https:\/\/minutaregional.cl\/index.php?rest_route=\/wp\/v2\/posts\/1025","targetHints":{"allow":["GET"]}}],"collection":[{"href":"https:\/\/minutaregional.cl\/index.php?rest_route=\/wp\/v2\/posts"}],"about":[{"href":"https:\/\/minutaregional.cl\/index.php?rest_route=\/wp\/v2\/types\/post"}],"author":[{"embeddable":true,"href":"https:\/\/minutaregional.cl\/index.php?rest_route=\/wp\/v2\/users\/1"}],"replies":[{"embeddable":true,"href":"https:\/\/minutaregional.cl\/index.php?rest_route=%2Fwp%2Fv2%2Fcomments&post=1025"}],"version-history":[{"count":1,"href":"https:\/\/minutaregional.cl\/index.php?rest_route=\/wp\/v2\/posts\/1025\/revisions"}],"predecessor-version":[{"id":1027,"href":"https:\/\/minutaregional.cl\/index.php?rest_route=\/wp\/v2\/posts\/1025\/revisions\/1027"}],"wp:featuredmedia":[{"embeddable":true,"href":"https:\/\/minutaregional.cl\/index.php?rest_route=\/wp\/v2\/media\/1026"}],"wp:attachment":[{"href":"https:\/\/minutaregional.cl\/index.php?rest_route=%2Fwp%2Fv2%2Fmedia&parent=1025"}],"wp:term":[{"taxonomy":"category","embeddable":true,"href":"https:\/\/minutaregional.cl\/index.php?rest_route=%2Fwp%2Fv2%2Fcategories&post=1025"},{"taxonomy":"post_tag","embeddable":true,"href":"https:\/\/minutaregional.cl\/index.php?rest_route=%2Fwp%2Fv2%2Ftags&post=1025"}],"curies":[{"name":"wp","href":"https:\/\/api.w.org\/{rel}","templated":true}]}}