{"id":1017,"date":"2022-05-30T22:12:16","date_gmt":"2022-05-30T22:12:16","guid":{"rendered":"https:\/\/minutaregional.cl\/?p=1017"},"modified":"2022-05-30T22:12:16","modified_gmt":"2022-05-30T22:12:16","slug":"con-buenos-resultados-vuelve-de-la-capital-el-equipo-de-nadadores-paralimpicos","status":"publish","type":"post","link":"https:\/\/minutaregional.cl\/?p=1017","title":{"rendered":"Con Buenos Resultados Vuelve de la Capital el Equipo de Nadadores Paral\u00edmpicos."},"content":{"rendered":"<p style=\"text-align: justify;\">La Serena, 30 de mayo de 2022.<\/p>\n<p>Tres nadadores del Taller de Discapacidad \u00a0de Para Nataci\u00f3n \u00a0del Instituto Nacional de Deporte, regresan con medallas, \u00a0desde la capital, \u00a0 luego de participar, \u00a0el fin de semana \u00faltimo, \u00a0en el \u00a0Campeonato Nacional de Apertura de Para Nataci\u00f3n, organizado por el Comit\u00e9 Paral\u00edmpico de Chile y realizado \u00a0en el Centro Acu\u00e1tico del \u00a0Estadio Nacional, los nadadores regionales, tras ocupar los primeros, segundos y terceros \u00a0lugares, \u00a0en distintas competencias, \u00a0tambi\u00e9n mejoraron los tiempos empleado, \u00a0en distintas pruebas, que de acuerdo a sus categor\u00edas, formaron parte del torneo.<\/p>\n<p>El equipo\u00a0 bajo la direcci\u00f3n t\u00e9cnica del profesor de educaci\u00f3n f\u00edsica Oscar Soto, estuvo formado por la nadadora Andrea Mart\u00ednez (Cat. S-10) quien obtuvo: Medalla de oro en 100 mts. libre, medalla de bronce 50 mts., \u00a0libre, \u00a0 medalla de plata en 100 mts. y en 50 mts espalda; el nadador Jorge Araya (Cat. S-8) que alcanz\u00f3 medalla de bronce en 50 mts. pecho y medalla de bronce en 50 mts. espalda y \u00a0el nadador Tomas Vergara (Cat. S- 6), quienes disputaron las distintas pruebas frente a un gran n\u00famero de nadadores.<\/p>\n<p>En relaci\u00f3n al torneo el t\u00e9cnico Oscar Soto, se\u00f1ala:\u00a0<b><i>\u201cEl nivel del torneo estuvo bastante elevado, porque se agregaron una nueva cantidad de nuevos nadadores que debutaron en la competencia, el \u00a0Campeonato Nacional Paral\u00edmpico tuvo un muy buen nivel \u00a0de competitividad debido a que se batieron muchos \u201crecords\u201d, nacionales paral\u00edmpicos, tanto en las categor\u00edas, juveniles y en la \u201copen\u201d o todo competidor que es para nadadores Paral\u00edmpicos mayores de dieciocho a\u00f1os, esto es una se\u00f1al del nivel de la competencia\u201d<\/i><\/b>. En relaci\u00f3n a lo viene a futuro para los nadadores paral\u00edmpicos, Oscar Soto, agrega:\u00a0<b><i>\u201cLo que viene a futuro, es que podamos seguir trabajando, en el taller hasta fin de a\u00f1o, esperando el campeonato de clausura\u201d.<\/i><\/b><\/p>\n<p>El \u00a0Taller de Para Nataci\u00f3n, se desarrolla en el Cendyr de La Serena, es de car\u00e1cter gratuito, es convocado por el Ministerio del Deporte y ejecutado por el Instituto Nacional de Deportes, en la piscina temperada del Cendyr de La Serena, por intermedio del \u00a0Programa \u201cDeporte de Participaci\u00f3n Social\u201d a trav\u00e9s del subcomponente \u201cDeporte en Personas en Situaci\u00f3n de Discapacidad\u201d, que tiene por objetivo \u00a0promover el deporte en \u00a0talleres y eventos, \u00a0para que las personas en situaci\u00f3n de discapacidad, se unan a la pr\u00e1ctica efectiva y sistem\u00e1tica de la \u00a0actividad f\u00edsica y el deporte.<\/p>\n","protected":false},"excerpt":{"rendered":"<p>La Serena, 30 de mayo de 2022. Tres nadadores del Taller de Discapacidad \u00a0de Para Nataci\u00f3n \u00a0del Instituto Nacional de Deporte, regresan con medallas, \u00a0desde la capital, \u00a0 luego de participar, \u00a0el fin de semana \u00faltimo, \u00a0en el \u00a0Campeonato Nacional de Apertura de Para Nataci\u00f3n, organizado por el Comit\u00e9 Paral\u00edmpico<\/p>\n","protected":false},"author":1,"featured_media":1018,"comment_status":"closed","ping_status":"open","sticky":false,"template":"","format":"standard","meta":{"footnotes":""},"categories":[37],"tags":[],"class_list":["post-1017","post","type-post","status-publish","format-standard","has-post-thumbnail","hentry","category-ind-coquimbo"],"_links":{"self":[{"href":"https:\/\/minutaregional.cl\/index.php?rest_route=\/wp\/v2\/posts\/1017","targetHints":{"allow":["GET"]}}],"collection":[{"href":"https:\/\/minutaregional.cl\/index.php?rest_route=\/wp\/v2\/posts"}],"about":[{"href":"https:\/\/minutaregional.cl\/index.php?rest_route=\/wp\/v2\/types\/post"}],"author":[{"embeddable":true,"href":"https:\/\/minutaregional.cl\/index.php?rest_route=\/wp\/v2\/users\/1"}],"replies":[{"embeddable":true,"href":"https:\/\/minutaregional.cl\/index.php?rest_route=%2Fwp%2Fv2%2Fcomments&post=1017"}],"version-history":[{"count":1,"href":"https:\/\/minutaregional.cl\/index.php?rest_route=\/wp\/v2\/posts\/1017\/revisions"}],"predecessor-version":[{"id":1019,"href":"https:\/\/minutaregional.cl\/index.php?rest_route=\/wp\/v2\/posts\/1017\/revisions\/1019"}],"wp:featuredmedia":[{"embeddable":true,"href":"https:\/\/minutaregional.cl\/index.php?rest_route=\/wp\/v2\/media\/1018"}],"wp:attachment":[{"href":"https:\/\/minutaregional.cl\/index.php?rest_route=%2Fwp%2Fv2%2Fmedia&parent=1017"}],"wp:term":[{"taxonomy":"category","embeddable":true,"href":"https:\/\/minutaregional.cl\/index.php?rest_route=%2Fwp%2Fv2%2Fcategories&post=1017"},{"taxonomy":"post_tag","embeddable":true,"href":"https:\/\/minutaregional.cl\/index.php?rest_route=%2Fwp%2Fv2%2Ftags&post=1017"}],"curies":[{"name":"wp","href":"https:\/\/api.w.org\/{rel}","templated":true}]}}