{"id":1013,"date":"2022-05-30T22:03:37","date_gmt":"2022-05-30T22:03:37","guid":{"rendered":"https:\/\/minutaregional.cl\/?p=1013"},"modified":"2022-05-30T22:03:37","modified_gmt":"2022-05-30T22:03:37","slug":"aguas-del-valle-invierte-mas-de-130-millones-en-renovacion-de-colector-en-calle-benavente-de-la-serena","status":"publish","type":"post","link":"https:\/\/minutaregional.cl\/?p=1013","title":{"rendered":"Aguas del Valle Invierte m\u00e1s de $ 130 millones en Renovaci\u00f3n de Colector en Calle Benavente de La Serena"},"content":{"rendered":"<ul>\n<li style=\"text-align: justify;\">M\u00e1s de 189 hogares del sector ser\u00e1n beneficiados con las obras, que se extender\u00e1n hasta el 8 de agosto y contemplan cortes y desv\u00edos de tr\u00e1nsito.<\/li>\n<\/ul>\n<p style=\"text-align: justify;\"><strong>La Serena, 30 de mayo de 2022.<\/strong>\u00a0 Aguas del Valle inform\u00f3 que, a contar del 1 de junio y el 8 de agosto, realizar\u00e1 obras de renovaci\u00f3n de un tramo de 128 metros de la red de alcantarillado en calle Benavente -entre calle Ram\u00f3n \u00c1ngel Jara y calle Buenaventura Osorio- en la comuna de La Serena. Los trabajos tienen una inversi\u00f3n superior a los $ 130 millones y beneficiar\u00e1n a m\u00e1s de 189 hogares.<\/p>\n<p style=\"text-align: justify;\">\u201cLas obras consisten en la renovaci\u00f3n de un tramo del colector de aguas servidas con el objetivo de optimizar nuestro servicio y minimizar la posibilidad de que se generen obstrucciones y afloramientos en la v\u00eda p\u00fablica. Este proyecto nos permitir\u00e1 robustecer nuestra red de alcantarillado en la comuna de La Serena\u201d, detall\u00f3 el subgerente zonal Elqui, Giancarlo Sotomayor.<\/p>\n<p style=\"text-align: justify;\">El ejecutivo agreg\u00f3 que los trabajos se desarrollar\u00e1n bajo la modalidad de zanja abierta y estar\u00e1n debidamente se\u00f1alizados para el resguardo de los transe\u00fantes y vecinos del sector. A\u00f1adi\u00f3 que se utilizar\u00e1 la totalidad de la calzada de lunes a viernes entre las 9:00 y las 20:00 horas y los s\u00e1bados entre las 9:00 y las 14:00 horas, \u00a0por lo que se implementar\u00e1 un plan de desv\u00edos.<\/p>\n<p style=\"text-align: justify;\"><strong>Desv\u00edos de tr\u00e1nsito:<\/strong><\/p>\n<ul style=\"text-align: justify;\">\n<li>Locomoci\u00f3n menor y mayor que se desplaza por Avenida Juan Cisternas debe continuar por dicha arteria y acceder a Benavente por Rotonda Amun\u00e1tegui.<\/li>\n<li>Particulares que vienen de Av. Juan Cisternas hacia Benavente deben tomar: Huanhual\u00ed &#8211; Benavente &#8211; Ram\u00f3n Angel Jara &#8211; Isabel Bongard &#8211; Buenaventura Osorio &#8211; Benavente.<\/li>\n<li>Los particulares que vienen de Huanhual\u00ed hacia Benavente deben tomar: Manuel Magallanes Moure &#8211; Buenaventura Osorio \u2013 Benavente.<\/li>\n<li>Los particulares que vienen desde Larra\u00edn Alcalde hacia Benavente:\n<ul>\n<li>Alternativa 1: Ram\u00f3n \u00c1ngel Jara &#8211; Buenaventura Osorio &#8211; Benavente.<\/li>\n<li>Alternativa 2: Ram\u00f3n \u00c1ngel Jara &#8211; Manuel Magallanes Moure &#8211; Buenaventura Osorio &#8211; Benavente.<\/li>\n<\/ul>\n<\/li>\n<\/ul>\n<p style=\"text-align: justify;\"><strong>Importante:<\/strong> \u00a0La calle Ram\u00f3n Angel Jara tendr\u00e1 s\u00f3lo sentido hacia el poniente entre las calles Benavente y Manuel Magallanes<strong>.<\/strong><\/p>\n<p style=\"text-align: justify;\">Las obras fueron informadas a los vecinos del sector, dirigentes comunales, gremios del transporte p\u00fablico y se realizaron las coordinaciones con las autoridades. Adem\u00e1s, ante cualquier requerimiento, los clientes pueden recurrir a los canales habituales de atenci\u00f3n como el fono servicio 600 400 4444, o a trav\u00e9s de la cuenta de Twitter @AguasdelValle.<\/p>\n","protected":false},"excerpt":{"rendered":"<p>M\u00e1s de 189 hogares del sector ser\u00e1n beneficiados con las obras, que se extender\u00e1n hasta el 8 de agosto y contemplan cortes y desv\u00edos de tr\u00e1nsito. La Serena, 30 de mayo de 2022.\u00a0 Aguas del Valle inform\u00f3 que, a contar del 1 de junio y el 8 de agosto, realizar\u00e1<\/p>\n","protected":false},"author":1,"featured_media":1014,"comment_status":"closed","ping_status":"open","sticky":false,"template":"","format":"standard","meta":{"footnotes":""},"categories":[45],"tags":[],"class_list":["post-1013","post","type-post","status-publish","format-standard","has-post-thumbnail","hentry","category-aguas-del-valle"],"_links":{"self":[{"href":"https:\/\/minutaregional.cl\/index.php?rest_route=\/wp\/v2\/posts\/1013","targetHints":{"allow":["GET"]}}],"collection":[{"href":"https:\/\/minutaregional.cl\/index.php?rest_route=\/wp\/v2\/posts"}],"about":[{"href":"https:\/\/minutaregional.cl\/index.php?rest_route=\/wp\/v2\/types\/post"}],"author":[{"embeddable":true,"href":"https:\/\/minutaregional.cl\/index.php?rest_route=\/wp\/v2\/users\/1"}],"replies":[{"embeddable":true,"href":"https:\/\/minutaregional.cl\/index.php?rest_route=%2Fwp%2Fv2%2Fcomments&post=1013"}],"version-history":[{"count":2,"href":"https:\/\/minutaregional.cl\/index.php?rest_route=\/wp\/v2\/posts\/1013\/revisions"}],"predecessor-version":[{"id":1016,"href":"https:\/\/minutaregional.cl\/index.php?rest_route=\/wp\/v2\/posts\/1013\/revisions\/1016"}],"wp:featuredmedia":[{"embeddable":true,"href":"https:\/\/minutaregional.cl\/index.php?rest_route=\/wp\/v2\/media\/1014"}],"wp:attachment":[{"href":"https:\/\/minutaregional.cl\/index.php?rest_route=%2Fwp%2Fv2%2Fmedia&parent=1013"}],"wp:term":[{"taxonomy":"category","embeddable":true,"href":"https:\/\/minutaregional.cl\/index.php?rest_route=%2Fwp%2Fv2%2Fcategories&post=1013"},{"taxonomy":"post_tag","embeddable":true,"href":"https:\/\/minutaregional.cl\/index.php?rest_route=%2Fwp%2Fv2%2Ftags&post=1013"}],"curies":[{"name":"wp","href":"https:\/\/api.w.org\/{rel}","templated":true}]}}