{"id":1010,"date":"2022-05-30T21:55:54","date_gmt":"2022-05-30T21:55:54","guid":{"rendered":"https:\/\/minutaregional.cl\/?p=1010"},"modified":"2022-05-30T21:55:54","modified_gmt":"2022-05-30T21:55:54","slug":"camara-de-diputados-convocan-a-sesion-especial-de-comision-de-economia-para-conocer-abusos-de-empresas-de-delivery","status":"publish","type":"post","link":"https:\/\/minutaregional.cl\/?p=1010","title":{"rendered":"C\u00e1mara de Diputados: Convocan a Sesi\u00f3n Especial de Comisi\u00f3n de Econom\u00eda para Conocer Abusos de Empresas de \u201cdelivery\u201d"},"content":{"rendered":"<p style=\"text-align: justify;\">La Comisi\u00f3n de Econom\u00eda de la C\u00e1mara de Diputadas y Diputados convoc\u00f3 a una sesi\u00f3n especial para el lunes 30 de mayo, producto de la presentaci\u00f3n del estudio realizado por la Organizaci\u00f3n de Consumidores y Usuarios (ODECU). La investigaci\u00f3n aborda el funcionamiento de las empresas de reparto o \u201cdelivery\u201d y eventuales infracciones a los derechos de los consumidores.<\/p>\n<p style=\"text-align: justify;\">El presidente de la Comisi\u00f3n, Daniel Manouchehri, manifest\u00f3 que \u201cvamos a defender los derechos de los consumidores. Por eso realizaremos una sesi\u00f3n especial de la comisi\u00f3n para conocer los antecedentes de presuntas irregularidades en el servicio de entregas a domicilio. Las plataformas o aplicaciones intermediarias deben dar garant\u00edas a los consumidores\u201d destac\u00f3.<\/p>\n<p style=\"text-align: justify;\">A la sesi\u00f3n especial est\u00e1n invitados el director nacional (S) del SERNAC, Jean Pierre Couchot, y el presidente de la ODECU, Stefan Larenas. El activista se\u00f1al\u00f3 que en el estudio \u201cdescubrimos que el concepto que los repartidores se adjudican es de facilitadores o de intermediarios. Entonces al ser solamente transportadores o intermediarios, se ven a s\u00ed mismos como exentos de lo que es la ley del consumidor, en la medida que recargan cualquier problema con el proveedor. El punto es que, yo como consumidor, si le pido algo a alguna de estas plataformas, es ella la que debe responderme y no el supermercado o la pizzeria, seg\u00fan el caso\u201d.<\/p>\n<p style=\"text-align: justify;\">Por otra parte, la comisi\u00f3n continuar\u00e1 su actividad el martes 31 de mayo, donde se votar\u00e1 en general el proyecto #ChaoDicom.<\/p>\n","protected":false},"excerpt":{"rendered":"<p>La Comisi\u00f3n de Econom\u00eda de la C\u00e1mara de Diputadas y Diputados convoc\u00f3 a una sesi\u00f3n especial para el lunes 30 de mayo, producto de la presentaci\u00f3n del estudio realizado por la Organizaci\u00f3n de Consumidores y Usuarios (ODECU). La investigaci\u00f3n aborda el funcionamiento de las empresas de reparto o \u201cdelivery\u201d y<\/p>\n","protected":false},"author":1,"featured_media":1011,"comment_status":"closed","ping_status":"open","sticky":false,"template":"","format":"standard","meta":{"footnotes":""},"categories":[26],"tags":[],"class_list":["post-1010","post","type-post","status-publish","format-standard","has-post-thumbnail","hentry","category-camara-de-diputadas-y-diputados"],"_links":{"self":[{"href":"https:\/\/minutaregional.cl\/index.php?rest_route=\/wp\/v2\/posts\/1010","targetHints":{"allow":["GET"]}}],"collection":[{"href":"https:\/\/minutaregional.cl\/index.php?rest_route=\/wp\/v2\/posts"}],"about":[{"href":"https:\/\/minutaregional.cl\/index.php?rest_route=\/wp\/v2\/types\/post"}],"author":[{"embeddable":true,"href":"https:\/\/minutaregional.cl\/index.php?rest_route=\/wp\/v2\/users\/1"}],"replies":[{"embeddable":true,"href":"https:\/\/minutaregional.cl\/index.php?rest_route=%2Fwp%2Fv2%2Fcomments&post=1010"}],"version-history":[{"count":1,"href":"https:\/\/minutaregional.cl\/index.php?rest_route=\/wp\/v2\/posts\/1010\/revisions"}],"predecessor-version":[{"id":1012,"href":"https:\/\/minutaregional.cl\/index.php?rest_route=\/wp\/v2\/posts\/1010\/revisions\/1012"}],"wp:featuredmedia":[{"embeddable":true,"href":"https:\/\/minutaregional.cl\/index.php?rest_route=\/wp\/v2\/media\/1011"}],"wp:attachment":[{"href":"https:\/\/minutaregional.cl\/index.php?rest_route=%2Fwp%2Fv2%2Fmedia&parent=1010"}],"wp:term":[{"taxonomy":"category","embeddable":true,"href":"https:\/\/minutaregional.cl\/index.php?rest_route=%2Fwp%2Fv2%2Fcategories&post=1010"},{"taxonomy":"post_tag","embeddable":true,"href":"https:\/\/minutaregional.cl\/index.php?rest_route=%2Fwp%2Fv2%2Ftags&post=1010"}],"curies":[{"name":"wp","href":"https:\/\/api.w.org\/{rel}","templated":true}]}}