{"id":1001,"date":"2022-05-30T21:23:22","date_gmt":"2022-05-30T21:23:22","guid":{"rendered":"https:\/\/minutaregional.cl\/?p=1001"},"modified":"2022-05-30T21:26:51","modified_gmt":"2022-05-30T21:26:51","slug":"senador-nunez-apoya-alza-en-la-tarjeta-de-alimentacion-a-los-trabajadores-de-la-salud","status":"publish","type":"post","link":"https:\/\/minutaregional.cl\/?p=1001","title":{"rendered":"SENADOR N\u00da\u00d1EZ APOYA  ALZA EN LA TARJETA DE ALIMENTACI\u00d3N A LOS TRABAJADORES DE LA SALUD"},"content":{"rendered":"<div><\/div>\n<div style=\"text-align: justify;\">\n<audio class=\"wp-audio-shortcode\" id=\"audio-1001-1\" preload=\"none\" style=\"width: 100%;\" controls=\"controls\"><source type=\"audio\/mpeg\" src=\"https:\/\/minutaregional.cl\/wp-content\/uploads\/2022\/05\/AUDIO-2022-05-27-08-24-37.m4a?_=1\" \/><a href=\"https:\/\/minutaregional.cl\/wp-content\/uploads\/2022\/05\/AUDIO-2022-05-27-08-24-37.m4a\">https:\/\/minutaregional.cl\/wp-content\/uploads\/2022\/05\/AUDIO-2022-05-27-08-24-37.m4a<\/a><\/audio>\n<p>AUDIO : SENADOR NU\u00d1EZ<\/p>\n<p>Trabajadores de la Salud esperan que beneficio en su tarjeta de alimentaci\u00f3n se realice en los plazos que determin\u00f3 el Servicio de Salud Coquimbo, de 3.500 pesos a 4.500 pesos y que ahora est\u00e1 rechazando. El senador N\u00fa\u00f1ez entreg\u00f3 su apoyo a los trabajadores con esta justa demanda.<\/p><\/div>\n<div style=\"text-align: justify;\"><\/div>\n<div style=\"text-align: justify;\">\u00abApoyo su justa demanda porque est\u00e1n solicitando al Ministerio que se aumente el monto en su Tarjeta de Alimentaci\u00f3n. Es obvio que con el aumento de los productos b\u00e1sicos hoy es mucho m\u00e1s caro el costo de la alimentaci\u00f3n y es necesario que el Ministerio se haga cargo de esta realidad y pueda efectivamente apoyar esta demanda. Hoy es una necesidad. Hago un llamado al director del Servicio de Salud, se hizo el anuncio como al Hospital de Ovalle y es muy importante que se concrete\u00bb, afirm\u00f3 el senador Daniel N\u00fa\u00f1ez.<\/div>\n<div style=\"text-align: justify;\"><\/div>\n<div style=\"text-align: justify;\">Rosemary Cort\u00e9s, dirigenta de Fenats del Hospital de Ovalle indic\u00f3 que \u00abse nos informa que habr\u00e1 esta alza en nuestra tarjeta y el mismo Servicio de Salud est\u00e1 negando el pago de este beneficio. Nosotros estamos contentos con esta alza y queremos que se concrete. Ha subido todo, por lo que es muy necesario que nos apoyen. Hemos trabajado d\u00eda, noche, sin descanso muchos, doblando turnos durante la pandemia y ahora en la nueva ola de Covid. Este aumento es un reconocimiento para nosotros, por lo que no se nos puede negar ahora. A Coquimbo y Serena se les est\u00e1 pagando, no es justo que a nosotros no y a los hospitales de mediana complejidad de la regi\u00f3n tampoco\u00bb.<\/div>\n<div style=\"text-align: justify;\"><\/div>\n<div style=\"text-align: justify;\">Trabajadores de la salud est\u00e1n en alerta para que este apoyo sea extensivo a todos los hospitales de la regi\u00f3n y se reunir\u00e1n este jueves 02 de junio para analizar las acciones a seguir. \u00abEstamos al pie del ca\u00f1\u00f3n\u00bb, agreg\u00f3 la dirigenta ovallina.<\/div>\n<div style=\"text-align: justify;\"><\/div>\n<div style=\"text-align: justify;\">Mauricio Ugarte, presidente regional de la Fenats, sostuvo que \u00able hemos pedido al director del Servicio de Salud que transparente la informaci\u00f3n, que se env\u00ede el dato estad\u00edstico concreto de quienes reciben este beneficio y se establezca con claridad qu\u00e9 es lo que suceder\u00e1 con el resto de los trabajadores de la regi\u00f3n, del resto de los hospitales, que leg\u00edtimamente tambi\u00e9n tienen que tener derecho a esta alza en su tarjeta de alimentaci\u00f3n\u00bb.<\/div>\n<div style=\"text-align: justify;\"><\/div>\n<div style=\"text-align: justify;\">Ugarte explic\u00f3 que \u00abel Hospital de Ovalle resolvi\u00f3 no tan s\u00f3lo subirle a los trabajadores que hacen turnos, sino que a todos, incluso de la jornada y honorarios. Entonces, se ha solicitado desde el Servicio de Salud que no se realice este beneficio, porque no estar\u00edan los recursos para todos los funcionarios. Se envi\u00f3 un documento solicitando los recursos a principios de mayo y hoy est\u00e1 todo parado. Le hemos solicitado al ministerio que apure la resoluci\u00f3n de esta situaci\u00f3n\u00bb.<\/div>\n<div style=\"text-align: justify;\"><\/div>\n<div style=\"text-align: justify;\">Se est\u00e1 anunciando adem\u00e1s por parte de las federaciones acciones de movilizaci\u00f3n y de efectuarse, ser\u00edan durante la primera o segunda semana de junio de no mediar un respuesta formal de parte del Ministerio de Salud.<\/div>\n<div style=\"text-align: justify;\"><\/div>\n","protected":false},"excerpt":{"rendered":"<p>AUDIO : SENADOR NU\u00d1EZ Trabajadores de la Salud esperan que beneficio en su tarjeta de alimentaci\u00f3n se realice en los plazos que determin\u00f3 el Servicio de Salud Coquimbo, de 3.500 pesos a 4.500 pesos y que ahora est\u00e1 rechazando. El senador N\u00fa\u00f1ez entreg\u00f3 su apoyo a los trabajadores con esta<\/p>\n","protected":false},"author":1,"featured_media":1002,"comment_status":"closed","ping_status":"open","sticky":false,"template":"","format":"standard","meta":{"footnotes":""},"categories":[26],"tags":[],"class_list":["post-1001","post","type-post","status-publish","format-standard","has-post-thumbnail","hentry","category-camara-de-diputadas-y-diputados"],"_links":{"self":[{"href":"https:\/\/minutaregional.cl\/index.php?rest_route=\/wp\/v2\/posts\/1001","targetHints":{"allow":["GET"]}}],"collection":[{"href":"https:\/\/minutaregional.cl\/index.php?rest_route=\/wp\/v2\/posts"}],"about":[{"href":"https:\/\/minutaregional.cl\/index.php?rest_route=\/wp\/v2\/types\/post"}],"author":[{"embeddable":true,"href":"https:\/\/minutaregional.cl\/index.php?rest_route=\/wp\/v2\/users\/1"}],"replies":[{"embeddable":true,"href":"https:\/\/minutaregional.cl\/index.php?rest_route=%2Fwp%2Fv2%2Fcomments&post=1001"}],"version-history":[{"count":3,"href":"https:\/\/minutaregional.cl\/index.php?rest_route=\/wp\/v2\/posts\/1001\/revisions"}],"predecessor-version":[{"id":1005,"href":"https:\/\/minutaregional.cl\/index.php?rest_route=\/wp\/v2\/posts\/1001\/revisions\/1005"}],"wp:featuredmedia":[{"embeddable":true,"href":"https:\/\/minutaregional.cl\/index.php?rest_route=\/wp\/v2\/media\/1002"}],"wp:attachment":[{"href":"https:\/\/minutaregional.cl\/index.php?rest_route=%2Fwp%2Fv2%2Fmedia&parent=1001"}],"wp:term":[{"taxonomy":"category","embeddable":true,"href":"https:\/\/minutaregional.cl\/index.php?rest_route=%2Fwp%2Fv2%2Fcategories&post=1001"},{"taxonomy":"post_tag","embeddable":true,"href":"https:\/\/minutaregional.cl\/index.php?rest_route=%2Fwp%2Fv2%2Ftags&post=1001"}],"curies":[{"name":"wp","href":"https:\/\/api.w.org\/{rel}","templated":true}]}}